{"id":1662,"date":"2020-10-13T23:16:06","date_gmt":"2020-10-13T23:16:06","guid":{"rendered":"http:\/\/3260.com.ar\/web\/?p=1662"},"modified":"2020-10-13T23:18:09","modified_gmt":"2020-10-13T23:18:09","slug":"federal-a-depro-y-juventud-dieron-el-si-gimnasia-el-no","status":"publish","type":"post","link":"https:\/\/3260.com.ar\/web\/federal-a-depro-y-juventud-dieron-el-si-gimnasia-el-no\/","title":{"rendered":"Federal A: DePro y Juventud dieron el S\u00ed, Gimnasia el No"},"content":{"rendered":"\n<p>Pocas horas antes de cumplirse el plazo estipulado por el Consejo Federal de F\u00fatbol para indicar la participaci\u00f3n o no en el Torneo Federal A, los equipos entrerrianos que lo integran tomaron sus respectivas decisiones.<\/p>\n\n\n\n<h4 class=\"wp-block-heading\">Gimnasia no lo juega.<\/h4>\n\n\n\n<p>El Club Atl\u00e9tico Gimnasia y Esgrima de Concepci\u00f3n del Uruguay decidi\u00f3 hace instantes <strong>no continuar disputando el Torneo Federal A 2020<\/strong>.<\/p>\n\n\n\n<p>As\u00ed hizo uso de la posibilidad brindada por la entidad organizadora de no ser parte de dicho certamen sin recibir sanci\u00f3n alguna ni comprometer su permanencia en la categor\u00eda para la pr\u00f3xima edici\u00f3n.<\/p>\n\n\n\n<p>Tras esta decisi\u00f3n, <strong>Gimnasia termin\u00f3 conformando el cuarteto que rechaz\u00f3 la invitaci\u00f3n<\/strong> a jugar junto con Crucero del Norte, San Mart\u00edn de Formosa (ambos de su misma Zona Norte) y Ferro Carril Oeste de Gral. Pico (el \u00fanico dado de baja en la zona Sur).<\/p>\n\n\n\n<p>Al momento de la irrupci\u00f3n del torneo, el lobo se ubicaba <strong>\u00faltimo en la tabla<\/strong>, a dos unidades de su m\u00e1s pr\u00f3ximo rival Sportivo Belgrano de San Francisco.<\/p>\n\n\n\n<h4 class=\"wp-block-heading\">DePro y Juventud s\u00ed.<\/h4>\n\n\n\n<p>Decisi\u00f3n contraria tomaron sus vecinos de Defensores de Pronunciamiento y de Juventud Unida de Gualeguaych\u00fa, quienes <strong>confirmaron al Consejo su participaci\u00f3n en la continuidad deportiva del a\u00f1o<\/strong>.<\/p>\n\n\n\n<p>A trav\u00e9s de sendas cartas membretadas y firmadas por sus m\u00e1ximas autoridades, ambas instituciones entrerrianas <strong>se sumaron a las otras veinticuatro que \u201cdieron el s\u00ed\u201d<\/strong>.<\/p>\n\n\n\n<p>Antes de que el campeonato se suspendiera, el DePro ocupaba el <strong>sexto puest<\/strong>o de la tabla ingresando en el grupo de equipos que casificaban al hexagonal final por el primer ascenso. En tanto que el Juve se ubicaba <strong>d\u00e9cimo segundo<\/strong>, a cuatro puntos del colista uruguayense.<\/p>\n\n\n\n<h4 class=\"wp-block-heading\">Ahora, a rearmar el torneo.<\/h4>\n\n\n\n<p>Cerrada la etapa de inscripci\u00f3n lleg\u00f3 el momento de <strong>darle formato a la competencia<\/strong>, instancia que hab\u00eda sido pospuesta por unanimidad tras otorgarle la prioridad a la decisi\u00f3n particular de cada instituci\u00f3n.<\/p>\n","protected":false},"excerpt":{"rendered":"<p>Pocas horas antes de cumplirse el plazo estipulado por el Consejo Federal de F\u00fatbol para indicar la participaci\u00f3n o no en el Torneo Federal A, los equipos entrerrianos que lo integran tomaron sus respectivas decisiones. Gimnasia no lo juega. El Club Atl\u00e9tico Gimnasia y Esgrima de Concepci\u00f3n del Uruguay decidi\u00f3 hace instantes no continuar disputando [&hellip;]<\/p>\n","protected":false},"author":2,"featured_media":1664,"comment_status":"open","ping_status":"open","sticky":false,"template":"","format":"standard","meta":{"_jetpack_memberships_contains_paid_content":false,"footnotes":"","jetpack_publicize_message":"","jetpack_publicize_feature_enabled":true,"jetpack_social_post_already_shared":true,"jetpack_social_options":{"image_generator_settings":{"template":"highway","default_image_id":0,"enabled":false},"version":2}},"categories":[173],"tags":[60,263,190,221,222,220,630],"class_list":["post-1662","post","type-post","status-publish","format-standard","has-post-thumbnail","hentry","category-deportes","tag-60","tag-consejo-federal","tag-depro","tag-federal-a","tag-futbol","tag-gimnasia","tag-juventud-unida"],"jetpack_publicize_connections":[],"jetpack_featured_media_url":"https:\/\/3260.com.ar\/web\/wp-content\/uploads\/2020\/10\/federal-A.gif","jetpack_sharing_enabled":true,"_links":{"self":[{"href":"https:\/\/3260.com.ar\/web\/wp-json\/wp\/v2\/posts\/1662","targetHints":{"allow":["GET"]}}],"collection":[{"href":"https:\/\/3260.com.ar\/web\/wp-json\/wp\/v2\/posts"}],"about":[{"href":"https:\/\/3260.com.ar\/web\/wp-json\/wp\/v2\/types\/post"}],"author":[{"embeddable":true,"href":"https:\/\/3260.com.ar\/web\/wp-json\/wp\/v2\/users\/2"}],"replies":[{"embeddable":true,"href":"https:\/\/3260.com.ar\/web\/wp-json\/wp\/v2\/comments?post=1662"}],"version-history":[{"count":0,"href":"https:\/\/3260.com.ar\/web\/wp-json\/wp\/v2\/posts\/1662\/revisions"}],"wp:featuredmedia":[{"embeddable":true,"href":"https:\/\/3260.com.ar\/web\/wp-json\/wp\/v2\/media\/1664"}],"wp:attachment":[{"href":"https:\/\/3260.com.ar\/web\/wp-json\/wp\/v2\/media?parent=1662"}],"wp:term":[{"taxonomy":"category","embeddable":true,"href":"https:\/\/3260.com.ar\/web\/wp-json\/wp\/v2\/categories?post=1662"},{"taxonomy":"post_tag","embeddable":true,"href":"https:\/\/3260.com.ar\/web\/wp-json\/wp\/v2\/tags?post=1662"}],"curies":[{"name":"wp","href":"https:\/\/api.w.org\/{rel}","templated":true}]}}