{"id":1693,"date":"2020-10-15T15:36:04","date_gmt":"2020-10-15T15:36:04","guid":{"rendered":"http:\/\/3260.com.ar\/web\/?p=1693"},"modified":"2020-10-15T15:36:05","modified_gmt":"2020-10-15T15:36:05","slug":"homenaje-a-linares-cardozo-a-traves-de-sus-pinturas","status":"publish","type":"post","link":"https:\/\/3260.com.ar\/web\/homenaje-a-linares-cardozo-a-traves-de-sus-pinturas\/","title":{"rendered":"Homenaje a Linares Cardozo a trav\u00e9s de sus pinturas"},"content":{"rendered":"\n<p>Desde hoy y durante todo un mes se expondr\u00e1 de manera virtual la <strong>Muestra Pict\u00f3rica \u201cTrazos sonoros\u201d<\/strong> en\u00a0 homenaje al centenario del nacimiento de Rub\u00e9n Mart\u00ednez Sol\u00eds, conocido popularmente como <strong>Linares Cardozo<\/strong>.<\/p>\n\n\n\n<p>A trav\u00e9s de esta acci\u00f3n el Municipio de Concepci\u00f3n del Uruguay, ciudad donde Cardozo residi\u00f3 los \u00faltimos diez a\u00f1os de su vida, pretender\u00e1 ofrecer una mirada diferente sobre la actividad art\u00edstica del referente entrerriano.<\/p>\n\n\n\n<p>La muestra contendr\u00e1 salas con sus cuadros en tintas, acuarelas y \u00f3leos, pero adem\u00e1s mostrar\u00e1 un recorrido biogr\u00e1fico, sus discos y libros de poes\u00eda y de pedagog\u00eda musical, y algunos artistas que han grabado sus creaciones.<\/p>\n\n\n\n<p><strong>Rub\u00e9n Mart\u00ednez Sol\u00eds<\/strong> naci\u00f3 en La Paz en 1920, residi\u00f3 en Paran\u00e1 hasta finales de la d\u00e9cada del 70 donde se traslad\u00f3 para la Costa del Uruguay viviendo en Col\u00f3n. A\u00f1os despu\u00e9s lleg\u00f3 a La Hist\u00f3rica, en donde se ubic\u00f3 en la casa situada en la <strong>calle Justo Jos\u00e9 de Urquiza 279<\/strong>.<\/p>\n\n\n\n<p>Para acceder a la muestra \u201cTrazos sonoros\u201d se deber\u00e1 ingresar a la <a href=\"https:\/\/cdeluruguay.gob.ar\/gobierno\/noticias\/101-el-municipio-dictar%C3%A1-charlas-sobre-prevenci%C3%B3n-de-bullying-y-cyberbullying\" target=\"_blank\" rel=\"noreferrer noopener\">web del Municipio uruguayense<\/a> a partir de las 19 horas y hasta el d\u00eda 15 de Noviembre inclusive.<\/p>\n","protected":false},"excerpt":{"rendered":"<p>Desde hoy y durante todo un mes se expondr\u00e1 de manera virtual la Muestra Pict\u00f3rica \u201cTrazos sonoros\u201d en\u00a0 homenaje al centenario del nacimiento de Rub\u00e9n Mart\u00ednez Sol\u00eds, conocido popularmente como Linares Cardozo. A trav\u00e9s de esta acci\u00f3n el Municipio de Concepci\u00f3n del Uruguay, ciudad donde Cardozo residi\u00f3 los \u00faltimos diez a\u00f1os de su vida, pretender\u00e1 [&hellip;]<\/p>\n","protected":false},"author":2,"featured_media":1694,"comment_status":"open","ping_status":"open","sticky":false,"template":"","format":"standard","meta":{"_jetpack_memberships_contains_paid_content":false,"footnotes":"","jetpack_publicize_message":"","jetpack_publicize_feature_enabled":true,"jetpack_social_post_already_shared":true,"jetpack_social_options":{"image_generator_settings":{"template":"highway","default_image_id":0,"enabled":false},"version":2}},"categories":[174],"tags":[60,635,267,636],"class_list":["post-1693","post","type-post","status-publish","format-standard","has-post-thumbnail","hentry","category-cultura","tag-60","tag-linares-cardozo","tag-muestra-virtual","tag-trazos-sonoros"],"jetpack_publicize_connections":[],"jetpack_featured_media_url":"https:\/\/3260.com.ar\/web\/wp-content\/uploads\/2020\/10\/linares-cardozo.gif","jetpack_sharing_enabled":true,"_links":{"self":[{"href":"https:\/\/3260.com.ar\/web\/wp-json\/wp\/v2\/posts\/1693","targetHints":{"allow":["GET"]}}],"collection":[{"href":"https:\/\/3260.com.ar\/web\/wp-json\/wp\/v2\/posts"}],"about":[{"href":"https:\/\/3260.com.ar\/web\/wp-json\/wp\/v2\/types\/post"}],"author":[{"embeddable":true,"href":"https:\/\/3260.com.ar\/web\/wp-json\/wp\/v2\/users\/2"}],"replies":[{"embeddable":true,"href":"https:\/\/3260.com.ar\/web\/wp-json\/wp\/v2\/comments?post=1693"}],"version-history":[{"count":0,"href":"https:\/\/3260.com.ar\/web\/wp-json\/wp\/v2\/posts\/1693\/revisions"}],"wp:featuredmedia":[{"embeddable":true,"href":"https:\/\/3260.com.ar\/web\/wp-json\/wp\/v2\/media\/1694"}],"wp:attachment":[{"href":"https:\/\/3260.com.ar\/web\/wp-json\/wp\/v2\/media?parent=1693"}],"wp:term":[{"taxonomy":"category","embeddable":true,"href":"https:\/\/3260.com.ar\/web\/wp-json\/wp\/v2\/categories?post=1693"},{"taxonomy":"post_tag","embeddable":true,"href":"https:\/\/3260.com.ar\/web\/wp-json\/wp\/v2\/tags?post=1693"}],"curies":[{"name":"wp","href":"https:\/\/api.w.org\/{rel}","templated":true}]}}