{"id":1708,"date":"2020-10-16T18:31:42","date_gmt":"2020-10-16T18:31:42","guid":{"rendered":"http:\/\/3260.com.ar\/web\/?p=1708"},"modified":"2020-10-16T20:43:02","modified_gmt":"2020-10-16T20:43:02","slug":"bonnot-y-valente-ecos-de-la-nueva-edicion-del-federal-a","status":"publish","type":"post","link":"https:\/\/3260.com.ar\/web\/bonnot-y-valente-ecos-de-la-nueva-edicion-del-federal-a\/","title":{"rendered":"Bonnot y Valente: ecos de la nueva edici\u00f3n del Federal A"},"content":{"rendered":"\n<p>Pocos d\u00edas atr\u00e1s <a href=\"http:\/\/3260.com.ar\/web\/federal-a-depro-y-juventud-dieron-el-si-gimnasia-el-no\/\" target=\"_blank\" rel=\"noreferrer noopener\">se cerr\u00f3 la inscripci\u00f3n<\/a> para participar del <strong>Torneo Federal A de F\u00fatbol<\/strong> marcando la continuidad del <strong>Club Defensores de Pronunciamiento<\/strong> y el no ingreso del <strong>Club Gimnasia y Esgrima de Concepci\u00f3n del Uruguay<\/strong>.<\/p>\n\n\n\n<p>Para dialogar acerca de los motivos que ocasionaron tales decisiones y de la actualidad de sus respectivos planteles, los colegas del programa radial <em><a href=\"https:\/\/www.facebook.com\/eldeportivocdelusports\" target=\"_blank\" rel=\"noreferrer noopener\">\u2018El Deportivo CdelU\u2019<\/a><\/em> entrevistaron a <strong>Mario Bonnot<\/strong>, Presidente del \u2018lobo\u2019, y a <strong>Iv\u00e1n Valente<\/strong>, jugador del \u2018DePro\u2019.<\/p>\n\n\n\n<h4 class=\"wp-block-heading\">Gimnasia y Esgrima, el que dijo No.<\/h4>\n\n\n\n<p>\u201cNo participar del Federal A <strong>es algo que ven\u00edamos analizando hace tiempo<\/strong>, poniendo sobre la mesa todas las cuestiones a favor y en contra\u201d dijo al aire de la FM 98.9 la m\u00e1xima autoridad de la instituci\u00f3n \u2018mensana\u2019.<\/p>\n\n\n\n<p>Continuando, Bonnot indic\u00f3 que \u201cnos encontramos mayormente con cuestiones negativas dentro de un torneo que todav\u00eda no se sab\u00eda c\u00f3mo iba a ser\u201d.<\/p>\n\n\n\n<blockquote class=\"wp-block-quote is-layout-flow wp-block-quote-is-layout-flow\"><p>\u201cNos encontramos mayormente con cuestiones negativas dentro de un torneo que todav\u00eda no se sab\u00eda c\u00f3mo iba a ser\u201d<\/p><\/blockquote>\n\n\n\n<p>Entre estas \u2018contras\u2019 mencion\u00f3 el <strong>\u201cno contar con el aporte econ\u00f3mico de la Provincia\u201d<\/strong>, el saber que \u201ctodo nos iba a costar el doble\u201d teniendo en cuenta que \u201ciba a haber reconocimiento para los clubes mejor ubicados en la tabla\u201d, y \u201cjugar a cancha cerrada\u201d.<\/p>\n\n\n\n<p>Pese a ello, Mario Bonnot inform\u00f3 que <strong>\u201cla no participaci\u00f3n no significa no empezar a mover nuestra estructura\u201d<\/strong>, se\u00f1alando que actualmente su club posee \u201cuna base de 24 jugadores que pueden ser citados ma\u00f1ana mismo a entrenar\u201d.<\/p>\n\n\n\n<p>Consultado acerca de la b\u00fasqueda de un futuro cuerpo t\u00e9cnico, el Presidente del \u2018lobo\u2019 dijo: \u201cGimnasia debe tener un grupo de trabajo que venga con un proyecto extenso en el tiempo, no sirve estar a cada momento cambiando de cuerpo t\u00e9cnico\u201d.<\/p>\n\n\n\n<div class=\"wp-block-image\"><figure class=\"aligncenter size-large is-resized\"><img loading=\"lazy\" decoding=\"async\" src=\"http:\/\/3260.com.ar\/web\/wp-content\/uploads\/2020\/10\/120134159_3632590153441417_9044104587523022957_n.jpg\" alt=\"\" class=\"wp-image-1711\" width=\"360\" height=\"255\" srcset=\"https:\/\/3260.com.ar\/web\/wp-content\/uploads\/2020\/10\/120134159_3632590153441417_9044104587523022957_n.jpg 480w, https:\/\/3260.com.ar\/web\/wp-content\/uploads\/2020\/10\/120134159_3632590153441417_9044104587523022957_n-300x213.jpg 300w\" sizes=\"auto, (max-width: 360px) 100vw, 360px\" \/><figcaption>Mario en su segunda casa, el N\u00fa\u00f1ez  (La gloria o devoto)<\/figcaption><\/figure><\/div>\n\n\n\n<h4 class=\"wp-block-heading\">Defensores de Pronunciamiento, el que dijo S\u00ed.<\/h4>\n\n\n\n<p>\u201cLa Comisi\u00f3n Directiva siempre nos tuvo al pi\u00e9 del ca\u00f1\u00f3n dici\u00e9ndonos que nos quedemos tranquilos, que <strong>si exist\u00eda la posibilidad \u00edbamos a entrar al Torneo<\/strong>\u201d declar\u00f3 telef\u00f3nicamente en CdelU Sports Iv\u00e1n Valente, jugador del equipo \u2018azulgrana\u2019.<\/p>\n\n\n\n<p>Continuando la tem\u00e1tica, el deportista del \u2018DePro\u2019 ampli\u00f3: \u201cSiempre estuvimos tranquilos de que el club estaba haciendo todo lo posible para poder volver\u201d.<\/p>\n\n\n\n<blockquote class=\"wp-block-quote is-layout-flow wp-block-quote-is-layout-flow\"><p>\u201cSiempre estuvimos tranquilos de que el club estaba haciendo todo lo posible para poder volver\u201d<\/p><\/blockquote>\n\n\n\n<p>Valente tambi\u00e9n se refiri\u00f3 a la llegada del fin de la larga espera informando que \u201c<strong>el lunes arrancaremos la pretemporada<\/strong> para llegar bien al 21 de Noviembre que es cuando comienza el Federal A\u201d<\/p>\n\n\n\n<p>Sobre este hecho expres\u00f3: \u201cAhora que se encendieron los motores el entusiasmo el otro, queremos que ya llegue el lunes para empezar a entrenar en grupo\u201d.<\/p>\n\n\n\n<p>Sin embargo no dej\u00f3 de resaltar lo dif\u00edcil que se hicieron estos siete meses sin competencia. \u201cMientras entrenaba solo me dec\u00eda \u2018\u00bfSe ir\u00e1 a jugar?\u2019 Pero <strong>ahora s\u00f3lo espero que lo que hemos hecho ayude<\/strong> un poco en lo que ser\u00e1 la pretemporada\u201d.<\/p>\n\n\n\n<div class=\"wp-block-image\"><figure class=\"aligncenter size-large is-resized\"><img loading=\"lazy\" decoding=\"async\" src=\"http:\/\/3260.com.ar\/web\/wp-content\/uploads\/2020\/10\/21741337_10155798338149048_3618403489123267365_o-1-716x1024.jpg\" alt=\"\" class=\"wp-image-1710\" width=\"358\" height=\"512\" srcset=\"https:\/\/3260.com.ar\/web\/wp-content\/uploads\/2020\/10\/21741337_10155798338149048_3618403489123267365_o-1-716x1024.jpg 716w, https:\/\/3260.com.ar\/web\/wp-content\/uploads\/2020\/10\/21741337_10155798338149048_3618403489123267365_o-1-210x300.jpg 210w, https:\/\/3260.com.ar\/web\/wp-content\/uploads\/2020\/10\/21741337_10155798338149048_3618403489123267365_o-1-768x1099.jpg 768w, https:\/\/3260.com.ar\/web\/wp-content\/uploads\/2020\/10\/21741337_10155798338149048_3618403489123267365_o-1.jpg 886w\" sizes=\"auto, (max-width: 358px) 100vw, 358px\" \/><figcaption>Iv\u00e1n en el lugar que ya extra\u00f1aba (Prensa DePro)<\/figcaption><\/figure><\/div>\n\n\n\n<p>En <a href=\"https:\/\/fb.watch\/19LMGSF_Xh\/\" target=\"_blank\" rel=\"noreferrer noopener\">este v\u00ednculo<\/a> podr\u00e1s revivir ambas charlas completas ingresando a la Fan Page de <a href=\"https:\/\/www.facebook.com\/cdelusports\" target=\"_blank\" rel=\"noreferrer noopener\">CdelU Sports<\/a>.<\/p>\n","protected":false},"excerpt":{"rendered":"<p>Pocos d\u00edas atr\u00e1s se cerr\u00f3 la inscripci\u00f3n para participar del Torneo Federal A de F\u00fatbol marcando la continuidad del Club Defensores de Pronunciamiento y el no ingreso del Club Gimnasia y Esgrima de Concepci\u00f3n del Uruguay. Para dialogar acerca de los motivos que ocasionaron tales decisiones y de la actualidad de sus respectivos planteles, los [&hellip;]<\/p>\n","protected":false},"author":2,"featured_media":1712,"comment_status":"open","ping_status":"open","sticky":false,"template":"","format":"standard","meta":{"_jetpack_memberships_contains_paid_content":false,"footnotes":"","jetpack_publicize_message":"","jetpack_publicize_feature_enabled":true,"jetpack_social_post_already_shared":true,"jetpack_social_options":{"image_generator_settings":{"template":"highway","default_image_id":0,"enabled":false},"version":2}},"categories":[173],"tags":[60,190,221,222,220],"class_list":["post-1708","post","type-post","status-publish","format-standard","has-post-thumbnail","hentry","category-deportes","tag-60","tag-depro","tag-federal-a","tag-futbol","tag-gimnasia"],"jetpack_publicize_connections":[],"jetpack_featured_media_url":"https:\/\/3260.com.ar\/web\/wp-content\/uploads\/2020\/10\/depro_lobo.gif","jetpack_sharing_enabled":true,"_links":{"self":[{"href":"https:\/\/3260.com.ar\/web\/wp-json\/wp\/v2\/posts\/1708","targetHints":{"allow":["GET"]}}],"collection":[{"href":"https:\/\/3260.com.ar\/web\/wp-json\/wp\/v2\/posts"}],"about":[{"href":"https:\/\/3260.com.ar\/web\/wp-json\/wp\/v2\/types\/post"}],"author":[{"embeddable":true,"href":"https:\/\/3260.com.ar\/web\/wp-json\/wp\/v2\/users\/2"}],"replies":[{"embeddable":true,"href":"https:\/\/3260.com.ar\/web\/wp-json\/wp\/v2\/comments?post=1708"}],"version-history":[{"count":0,"href":"https:\/\/3260.com.ar\/web\/wp-json\/wp\/v2\/posts\/1708\/revisions"}],"wp:featuredmedia":[{"embeddable":true,"href":"https:\/\/3260.com.ar\/web\/wp-json\/wp\/v2\/media\/1712"}],"wp:attachment":[{"href":"https:\/\/3260.com.ar\/web\/wp-json\/wp\/v2\/media?parent=1708"}],"wp:term":[{"taxonomy":"category","embeddable":true,"href":"https:\/\/3260.com.ar\/web\/wp-json\/wp\/v2\/categories?post=1708"},{"taxonomy":"post_tag","embeddable":true,"href":"https:\/\/3260.com.ar\/web\/wp-json\/wp\/v2\/tags?post=1708"}],"curies":[{"name":"wp","href":"https:\/\/api.w.org\/{rel}","templated":true}]}}