{"id":1765,"date":"2020-10-20T21:40:18","date_gmt":"2020-10-20T21:40:18","guid":{"rendered":"http:\/\/3260.com.ar\/web\/?p=1765"},"modified":"2020-10-20T21:40:19","modified_gmt":"2020-10-20T21:40:19","slug":"protocolo-marco-y-lineamientos-generales-para-la-vuelta-al-aula","status":"publish","type":"post","link":"https:\/\/3260.com.ar\/web\/protocolo-marco-y-lineamientos-generales-para-la-vuelta-al-aula\/","title":{"rendered":"Protocolo Marco y Lineamientos Generales para la vuelta al aula"},"content":{"rendered":"\n<p>Oficializado el regreso a las clases presenciales en nuestra provincia ponemos a disposici\u00f3n de todos ustedes el <strong>\u201cProtocolo Marco y Lineamientos Generales\u201d<\/strong> que se aplicar\u00e1 para ello publicado oficialmente bajo la Resoluci\u00f3n 3744-20.<\/p>\n\n\n\n<p>Este documento, emitido por el Gobierno de Entre R\u00edos y que lleva como fecha de sellado el 5 de Octubre de 2020, <strong>define los procesos sanitarios, pedag\u00f3gicos, y de higiene y seguridad<\/strong> que deber\u00e1n llevarse a cabo para el retorno a las aulas.<\/p>\n\n\n\n<p>Adem\u00e1s, <strong>detalla las cinco etapas en las que se llegar\u00eda a concretar la presencialidad de todos los niveles educativos<\/strong>, entre las cuales se describe la anunciada para este lunes, incluyendo esta la presentaci\u00f3n gradual de los \u00faltimos a\u00f1os de las entidades de nivel secundario y de las escuelas rurales.<\/p>\n\n\n<p>[doc id=1768]<\/p>\n","protected":false},"excerpt":{"rendered":"<p>Oficializado el regreso a las clases presenciales en nuestra provincia ponemos a disposici\u00f3n de todos ustedes el \u201cProtocolo Marco y Lineamientos Generales\u201d que se aplicar\u00e1 para ello publicado oficialmente bajo la Resoluci\u00f3n 3744-20. Este documento, emitido por el Gobierno de Entre R\u00edos y que lleva como fecha de sellado el 5 de Octubre de 2020, [&hellip;]<\/p>\n","protected":false},"author":2,"featured_media":1766,"comment_status":"open","ping_status":"open","sticky":false,"template":"","format":"standard","meta":{"_jetpack_memberships_contains_paid_content":false,"footnotes":"","jetpack_publicize_message":"","jetpack_publicize_feature_enabled":true,"jetpack_social_post_already_shared":true,"jetpack_social_options":{"image_generator_settings":{"template":"highway","default_image_id":0,"enabled":false},"version":2}},"categories":[176],"tags":[60,199,516],"class_list":["post-1765","post","type-post","status-publish","format-standard","has-post-thumbnail","hentry","category-educacion","tag-60","tag-pandemia","tag-protocolo"],"jetpack_publicize_connections":[],"jetpack_featured_media_url":"https:\/\/3260.com.ar\/web\/wp-content\/uploads\/2020\/10\/protocolo-educaci\u00f3n.gif","jetpack_sharing_enabled":true,"_links":{"self":[{"href":"https:\/\/3260.com.ar\/web\/wp-json\/wp\/v2\/posts\/1765","targetHints":{"allow":["GET"]}}],"collection":[{"href":"https:\/\/3260.com.ar\/web\/wp-json\/wp\/v2\/posts"}],"about":[{"href":"https:\/\/3260.com.ar\/web\/wp-json\/wp\/v2\/types\/post"}],"author":[{"embeddable":true,"href":"https:\/\/3260.com.ar\/web\/wp-json\/wp\/v2\/users\/2"}],"replies":[{"embeddable":true,"href":"https:\/\/3260.com.ar\/web\/wp-json\/wp\/v2\/comments?post=1765"}],"version-history":[{"count":0,"href":"https:\/\/3260.com.ar\/web\/wp-json\/wp\/v2\/posts\/1765\/revisions"}],"wp:featuredmedia":[{"embeddable":true,"href":"https:\/\/3260.com.ar\/web\/wp-json\/wp\/v2\/media\/1766"}],"wp:attachment":[{"href":"https:\/\/3260.com.ar\/web\/wp-json\/wp\/v2\/media?parent=1765"}],"wp:term":[{"taxonomy":"category","embeddable":true,"href":"https:\/\/3260.com.ar\/web\/wp-json\/wp\/v2\/categories?post=1765"},{"taxonomy":"post_tag","embeddable":true,"href":"https:\/\/3260.com.ar\/web\/wp-json\/wp\/v2\/tags?post=1765"}],"curies":[{"name":"wp","href":"https:\/\/api.w.org\/{rel}","templated":true}]}}