{"id":1900,"date":"2020-10-31T14:08:14","date_gmt":"2020-10-31T14:08:14","guid":{"rendered":"http:\/\/3260.com.ar\/web\/?p=1900"},"modified":"2020-10-31T14:08:16","modified_gmt":"2020-10-31T14:08:16","slug":"el-palmar-suspendio-su-reapertura","status":"publish","type":"post","link":"https:\/\/3260.com.ar\/web\/el-palmar-suspendio-su-reapertura\/","title":{"rendered":"El Palmar suspendi\u00f3 su reapertura"},"content":{"rendered":"\n<p>El Parque Nacional El Palmar decidi\u00f3 <strong>suspender la reapertura<\/strong> tur\u00edstica que ten\u00eda prevista para este fin de semana.<\/p>\n\n\n\n<p>As\u00ed lo decidi\u00f3 su Intendencia luego de que el Comit\u00e9 de Emergencia Sanitaria (COES) local y el Municipio de Ubajay acordaran el pase a una fase sanitaria y social m\u00e1s restrictiva.<\/p>\n\n\n\n<p>Esta decisi\u00f3n se basa en la <strong>creciente aparici\u00f3n de casos positivos de COVID-19<\/strong> en la regi\u00f3n entrerriana que integra al Parque.<\/p>\n\n\n\n<p>D\u00edas atr\u00e1s El Palmar hab\u00eda anunciado el regreso de la visita de turistas a su territorio, los que en una primera instancia ser\u00edan \u00fanicamente <strong>residentes de la localidad de Ubajay<\/strong>.<\/p>\n\n\n\n<p>En consecuencia, la reapertura pactada para el d\u00eda de hoy y de ma\u00f1ana domingo se postergar\u00e1 al menos por quince d\u00edas.<\/p>\n","protected":false},"excerpt":{"rendered":"<p>El Parque Nacional El Palmar decidi\u00f3 suspender la reapertura tur\u00edstica que ten\u00eda prevista para este fin de semana. As\u00ed lo decidi\u00f3 su Intendencia luego de que el Comit\u00e9 de Emergencia Sanitaria (COES) local y el Municipio de Ubajay acordaran el pase a una fase sanitaria y social m\u00e1s restrictiva. Esta decisi\u00f3n se basa en la [&hellip;]<\/p>\n","protected":false},"author":2,"featured_media":1016,"comment_status":"open","ping_status":"open","sticky":false,"template":"","format":"standard","meta":{"_jetpack_memberships_contains_paid_content":false,"footnotes":"","jetpack_publicize_message":"","jetpack_publicize_feature_enabled":true,"jetpack_social_post_already_shared":true,"jetpack_social_options":{"image_generator_settings":{"template":"highway","default_image_id":0,"enabled":false},"version":2}},"categories":[175],"tags":[60,432,687,688],"class_list":["post-1900","post","type-post","status-publish","format-standard","has-post-thumbnail","hentry","category-turismo","tag-60","tag-palmar","tag-reapertura","tag-ubajay"],"jetpack_publicize_connections":[],"jetpack_featured_media_url":"https:\/\/3260.com.ar\/web\/wp-content\/uploads\/2020\/09\/palmar_de_colon.gif","jetpack_sharing_enabled":true,"_links":{"self":[{"href":"https:\/\/3260.com.ar\/web\/wp-json\/wp\/v2\/posts\/1900","targetHints":{"allow":["GET"]}}],"collection":[{"href":"https:\/\/3260.com.ar\/web\/wp-json\/wp\/v2\/posts"}],"about":[{"href":"https:\/\/3260.com.ar\/web\/wp-json\/wp\/v2\/types\/post"}],"author":[{"embeddable":true,"href":"https:\/\/3260.com.ar\/web\/wp-json\/wp\/v2\/users\/2"}],"replies":[{"embeddable":true,"href":"https:\/\/3260.com.ar\/web\/wp-json\/wp\/v2\/comments?post=1900"}],"version-history":[{"count":0,"href":"https:\/\/3260.com.ar\/web\/wp-json\/wp\/v2\/posts\/1900\/revisions"}],"wp:featuredmedia":[{"embeddable":true,"href":"https:\/\/3260.com.ar\/web\/wp-json\/wp\/v2\/media\/1016"}],"wp:attachment":[{"href":"https:\/\/3260.com.ar\/web\/wp-json\/wp\/v2\/media?parent=1900"}],"wp:term":[{"taxonomy":"category","embeddable":true,"href":"https:\/\/3260.com.ar\/web\/wp-json\/wp\/v2\/categories?post=1900"},{"taxonomy":"post_tag","embeddable":true,"href":"https:\/\/3260.com.ar\/web\/wp-json\/wp\/v2\/tags?post=1900"}],"curies":[{"name":"wp","href":"https:\/\/api.w.org\/{rel}","templated":true}]}}