{"id":1956,"date":"2020-11-07T11:14:00","date_gmt":"2020-11-07T11:14:00","guid":{"rendered":"http:\/\/3260.com.ar\/web\/?p=1956"},"modified":"2020-11-07T11:14:01","modified_gmt":"2020-11-07T11:14:01","slug":"logotipo-para-la-hemoterapia-del-hospital-urquiza-llego-la-hora-de-votar","status":"publish","type":"post","link":"https:\/\/3260.com.ar\/web\/logotipo-para-la-hemoterapia-del-hospital-urquiza-llego-la-hora-de-votar\/","title":{"rendered":"Logotipo para la Hemoterapia del Hospital \u201cUrquiza\u201d: Lleg\u00f3 la hora de votar"},"content":{"rendered":"\n<p>El concurso para definir el logo oficial del <strong>Sector de Hemoterapia del Hospital \u201cUrquiza\u201d<\/strong> de Concepci\u00f3n del Uruguay entr\u00f3 en fase definitoria.<\/p>\n\n\n\n<p>En las \u00faltimas horas el establecimiento dio a conocer los tres dibujos seleccionados para ello, quienes se someter\u00e1n desde hoy al voto del p\u00fablico.<\/p>\n\n\n\n<p>Los autores de las obras que clasificaron a esta \u00faltima etapa son <a href=\"https:\/\/www.facebook.com\/hemoterapia.hospitalurquiza\/posts\/1807104136097533\" target=\"_blank\" rel=\"noreferrer noopener\">Ariana Baldoni<\/a>, alumna del Intituto \u201cSanta Teresita\u201d, y <a href=\"https:\/\/www.facebook.com\/hemoterapia.hospitalurquiza\/posts\/1807103289430951\" target=\"_blank\" rel=\"noreferrer noopener\">Juliano Valentino Soto<\/a> y <a href=\"https:\/\/www.facebook.com\/hemoterapia.hospitalurquiza\/posts\/1807105062764107\" target=\"_blank\" rel=\"noreferrer noopener\">Lucas Nicol\u00e1s Sol\u00eds<\/a>, ambos pertenecientes a la Escuela N\u00b03 \u201cJ. J. Urquiza\u201d.<\/p>\n\n\n\n<p>A partir de ahora los interesados en dejar su voto podr\u00e1n hacerlo a trav\u00e9s de las <strong>redes sociales<\/strong> de dicho sector hospitalario hasta el d\u00eda lunes pr\u00f3ximo.<\/p>\n\n\n\n<p>Ese d\u00eda, a las 10 de la ma\u00f1ana, se har\u00e1 el recuento de votos. Quien sume m\u00e1s \u201clikes\u201d o \u201cMe gusta\u201d representar\u00e1 al \u00e1rea record\u00e1ndonos <strong>la importancia de donar sangre<\/strong>.<\/p>\n\n\n\n<div class=\"wp-block-jetpack-tiled-gallery aligncenter is-style-rectangular\"><div class=\"tiled-gallery__gallery\"><div class=\"tiled-gallery__row\"><div class=\"tiled-gallery__col\" style=\"flex-basis:42.49217907390849%\"><figure class=\"tiled-gallery__item\"><a href=\"https:\/\/i2.wp.com\/3260.com.ar\/web\/wp-content\/uploads\/2020\/11\/123934975_1807103212764292_4289770230150179150_o.jpg\"><img decoding=\"async\" srcset=\"https:\/\/i2.wp.com\/3260.com.ar\/web\/wp-content\/uploads\/2020\/11\/123934975_1807103212764292_4289770230150179150_o.jpg?strip=info&#038;w=600 600w,https:\/\/i2.wp.com\/3260.com.ar\/web\/wp-content\/uploads\/2020\/11\/123934975_1807103212764292_4289770230150179150_o.jpg?strip=info&#038;w=900 900w,https:\/\/i2.wp.com\/3260.com.ar\/web\/wp-content\/uploads\/2020\/11\/123934975_1807103212764292_4289770230150179150_o.jpg?strip=info&#038;w=1200 1200w,https:\/\/i2.wp.com\/3260.com.ar\/web\/wp-content\/uploads\/2020\/11\/123934975_1807103212764292_4289770230150179150_o.jpg?strip=info&#038;w=1500 1500w,https:\/\/i2.wp.com\/3260.com.ar\/web\/wp-content\/uploads\/2020\/11\/123934975_1807103212764292_4289770230150179150_o.jpg?strip=info&#038;w=1800 1800w,https:\/\/i2.wp.com\/3260.com.ar\/web\/wp-content\/uploads\/2020\/11\/123934975_1807103212764292_4289770230150179150_o.jpg?strip=info&#038;w=1863 1863w\" alt=\"\" data-height=\"2015\" data-id=\"1958\" data-link=\"http:\/\/3260.com.ar\/web\/?attachment_id=1958\" data-url=\"http:\/\/3260.com.ar\/web\/wp-content\/uploads\/2020\/11\/123934975_1807103212764292_4289770230150179150_o.jpg\" data-width=\"1863\" src=\"https:\/\/i2.wp.com\/3260.com.ar\/web\/wp-content\/uploads\/2020\/11\/123934975_1807103212764292_4289770230150179150_o.jpg\" layout=\"responsive\"\/><\/a><\/figure><figure class=\"tiled-gallery__item\"><a href=\"https:\/\/i2.wp.com\/3260.com.ar\/web\/wp-content\/uploads\/2020\/11\/124032086_1807103992764214_9020277142551180299_n.jpg\"><img decoding=\"async\" srcset=\"https:\/\/i2.wp.com\/3260.com.ar\/web\/wp-content\/uploads\/2020\/11\/124032086_1807103992764214_9020277142551180299_n.jpg?strip=info&#038;w=600 600w,https:\/\/i2.wp.com\/3260.com.ar\/web\/wp-content\/uploads\/2020\/11\/124032086_1807103992764214_9020277142551180299_n.jpg?strip=info&#038;w=643 643w\" alt=\"\" data-height=\"356\" data-id=\"1959\" data-link=\"http:\/\/3260.com.ar\/web\/?attachment_id=1959\" data-url=\"http:\/\/3260.com.ar\/web\/wp-content\/uploads\/2020\/11\/124032086_1807103992764214_9020277142551180299_n.jpg\" data-width=\"643\" src=\"https:\/\/i2.wp.com\/3260.com.ar\/web\/wp-content\/uploads\/2020\/11\/124032086_1807103992764214_9020277142551180299_n.jpg\" layout=\"responsive\"\/><\/a><\/figure><\/div><div class=\"tiled-gallery__col\" style=\"flex-basis:57.50782092609151%\"><figure class=\"tiled-gallery__item\"><a href=\"https:\/\/i1.wp.com\/3260.com.ar\/web\/wp-content\/uploads\/2020\/11\/124158066_1807104959430784_9123284467406613899_o.jpg\"><img decoding=\"async\" srcset=\"https:\/\/i1.wp.com\/3260.com.ar\/web\/wp-content\/uploads\/2020\/11\/124158066_1807104959430784_9123284467406613899_o.jpg?strip=info&#038;w=600 600w,https:\/\/i1.wp.com\/3260.com.ar\/web\/wp-content\/uploads\/2020\/11\/124158066_1807104959430784_9123284467406613899_o.jpg?strip=info&#038;w=900 900w,https:\/\/i1.wp.com\/3260.com.ar\/web\/wp-content\/uploads\/2020\/11\/124158066_1807104959430784_9123284467406613899_o.jpg?strip=info&#038;w=1053 1053w\" alt=\"\" data-height=\"1280\" data-id=\"1960\" data-link=\"http:\/\/3260.com.ar\/web\/?attachment_id=1960\" data-url=\"http:\/\/3260.com.ar\/web\/wp-content\/uploads\/2020\/11\/124158066_1807104959430784_9123284467406613899_o.jpg\" data-width=\"1053\" src=\"https:\/\/i1.wp.com\/3260.com.ar\/web\/wp-content\/uploads\/2020\/11\/124158066_1807104959430784_9123284467406613899_o.jpg\" layout=\"responsive\"\/><\/a><\/figure><\/div><\/div><\/div><\/div>\n\n\n\n<p><\/p>\n","protected":false},"excerpt":{"rendered":"<p>El concurso para definir el logo oficial del Sector de Hemoterapia del Hospital \u201cUrquiza\u201d de Concepci\u00f3n del Uruguay entr\u00f3 en fase definitoria. En las \u00faltimas horas el establecimiento dio a conocer los tres dibujos seleccionados para ello, quienes se someter\u00e1n desde hoy al voto del p\u00fablico. Los autores de las obras que clasificaron a esta [&hellip;]<\/p>\n","protected":false},"author":2,"featured_media":1957,"comment_status":"open","ping_status":"open","sticky":false,"template":"","format":"gallery","meta":{"_jetpack_memberships_contains_paid_content":false,"footnotes":"","jetpack_publicize_message":"","jetpack_publicize_feature_enabled":true,"jetpack_social_post_already_shared":true,"jetpack_social_options":{"image_generator_settings":{"template":"highway","default_image_id":0,"enabled":false},"version":2}},"categories":[174],"tags":[60,502,700,699,674],"class_list":["post-1956","post","type-post","status-publish","format-gallery","has-post-thumbnail","hentry","category-cultura","tag-60","tag-concurso","tag-donar-sangre","tag-hemoterapia","tag-hospital-urquiza","post_format-post-format-gallery"],"jetpack_publicize_connections":[],"jetpack_featured_media_url":"https:\/\/3260.com.ar\/web\/wp-content\/uploads\/2020\/11\/hemoterapia-urquiza.gif","jetpack_sharing_enabled":true,"_links":{"self":[{"href":"https:\/\/3260.com.ar\/web\/wp-json\/wp\/v2\/posts\/1956","targetHints":{"allow":["GET"]}}],"collection":[{"href":"https:\/\/3260.com.ar\/web\/wp-json\/wp\/v2\/posts"}],"about":[{"href":"https:\/\/3260.com.ar\/web\/wp-json\/wp\/v2\/types\/post"}],"author":[{"embeddable":true,"href":"https:\/\/3260.com.ar\/web\/wp-json\/wp\/v2\/users\/2"}],"replies":[{"embeddable":true,"href":"https:\/\/3260.com.ar\/web\/wp-json\/wp\/v2\/comments?post=1956"}],"version-history":[{"count":0,"href":"https:\/\/3260.com.ar\/web\/wp-json\/wp\/v2\/posts\/1956\/revisions"}],"wp:featuredmedia":[{"embeddable":true,"href":"https:\/\/3260.com.ar\/web\/wp-json\/wp\/v2\/media\/1957"}],"wp:attachment":[{"href":"https:\/\/3260.com.ar\/web\/wp-json\/wp\/v2\/media?parent=1956"}],"wp:term":[{"taxonomy":"category","embeddable":true,"href":"https:\/\/3260.com.ar\/web\/wp-json\/wp\/v2\/categories?post=1956"},{"taxonomy":"post_tag","embeddable":true,"href":"https:\/\/3260.com.ar\/web\/wp-json\/wp\/v2\/tags?post=1956"}],"curies":[{"name":"wp","href":"https:\/\/api.w.org\/{rel}","templated":true}]}}