{"id":2054,"date":"2020-11-21T20:17:17","date_gmt":"2020-11-21T20:17:17","guid":{"rendered":"http:\/\/3260.com.ar\/web\/?p=2054"},"modified":"2020-11-21T20:17:18","modified_gmt":"2020-11-21T20:17:18","slug":"canon-salas-y-el-trabajo-que-se-viene-en-el-complejo-del-puerto-nuevo","status":"publish","type":"post","link":"https:\/\/3260.com.ar\/web\/canon-salas-y-el-trabajo-que-se-viene-en-el-complejo-del-puerto-nuevo\/","title":{"rendered":"\u201cCanon\u201d Salas y el trabajo que se viene en el Complejo del Puerto Nuevo"},"content":{"rendered":"\n<p><strong>Eduardo Salas<\/strong>, directivo del Club Lan\u00fas de Concepci\u00f3n del Uruguay, brind\u00f3 detalles acerca del Complejo Deportivo, Cultural y de la Producci\u00f3n \u201cEvita\u201d, espacio para el que <a href=\"http:\/\/3260.com.ar\/web\/iniciaran-obras-para-la-cultura-y-el-deporte-uruguayenses\/\" target=\"_blank\" rel=\"noreferrer noopener\">se anunciaron obras<\/a> por m\u00e1s de <strong>60 millones de pesos<\/strong>.<\/p>\n\n\n\n<p>\u201cEl Intendente Mart\u00edn Oliva me design\u00f3 como Jefe Municipal del Complejo que comprende una cancha de f\u00fatbol, la cancha sint\u00e9tica de hockey sobre c\u00e9sped, la ex Pe\u00f1a El Espinillo, el ex sal\u00f3n La Costera y la pista de velocidad de ciclismo\u201d, dijo en los micr\u00f3fonos del programa radial <a href=\"https:\/\/www.facebook.com\/eldeportivocdelusports\" target=\"_blank\" rel=\"noreferrer noopener\">\u2018El Deportivo CdelU\u2019<\/a>.<\/p>\n\n\n\n<blockquote class=\"wp-block-quote is-layout-flow wp-block-quote-is-layout-flow\"><p>\u201cEl Intendente Mart\u00edn Oliva me design\u00f3 como Jefe Municipal del Complejo\u201d<\/p><\/blockquote>\n\n\n\n<p>Sobre el recinto futbol\u00edstico citado, Salas indic\u00f3 que <strong>\u201cse le otorga un comodato de cuatro a\u00f1os a Lan\u00fas con la obligaci\u00f3n de que exista el f\u00fatbol infantil\u201d<\/strong>, recalcando que si esto no se cumple \u201cpasar\u00e1 a la Municipalidad\u201d.<\/p>\n\n\n\n<p>En cuanto a su uso, el directivo \u2018granate\u2019 mostr\u00f3 gran inter\u00e9s en que \u201ctodas las actividades de nuestro f\u00fatbol salgan de esa cancha, que tengan identidad propia, que se comprometan con lo que significa ser parte del club\u201d.<\/p>\n\n\n\n<p>Adem\u00e1s, \u2018Canon\u2019 -como se lo apoda- se\u00f1al\u00f3 que dicha cancha tendr\u00e1 cerramiento exterior y <strong>\u201chasta pensamos que podr\u00eda iluminarse\u201d<\/strong>.<\/p>\n\n\n\n<div class=\"wp-block-image\"><figure class=\"aligncenter size-large is-resized\"><img loading=\"lazy\" decoding=\"async\" src=\"http:\/\/3260.com.ar\/web\/wp-content\/uploads\/2020\/10\/hockeymun-1024x576.gif\" alt=\"\" class=\"wp-image-1482\" width=\"512\" height=\"288\" srcset=\"https:\/\/3260.com.ar\/web\/wp-content\/uploads\/2020\/10\/hockeymun-1024x576.gif 1024w, https:\/\/3260.com.ar\/web\/wp-content\/uploads\/2020\/10\/hockeymun-300x169.gif 300w, https:\/\/3260.com.ar\/web\/wp-content\/uploads\/2020\/10\/hockeymun-768x432.gif 768w\" sizes=\"auto, (max-width: 512px) 100vw, 512px\" \/><figcaption>El espacio del hockey es, quiz\u00e1, el sector que menos trabajo requerir\u00e1.<\/figcaption><\/figure><\/div>\n\n\n\n<p>Sobre la pista de ciclismo, Salas inform\u00f3 que \u201cse empez\u00f3 a romper y tiene algunos pozos, por lo que su gente est\u00e1 charlando para comenzar a corregir estas problem\u00e1ticas\u201d.<\/p>\n\n\n\n<p>Concluyendo su entrevista en la radio <a href=\"https:\/\/www.facebook.com\/cdelusports\" target=\"_blank\" rel=\"noreferrer noopener\">\u2018CdelU Sports\u2019<\/a> -FM 98.9 Mhz-, Eduardo opin\u00f3 que <strong>el arreglo del sector Cultural y de la Producci\u00f3n \u201cva a ir un poco m\u00e1s lento\u201d<\/strong>, mencionando que \u201cse reparar\u00e1n techos y ventanas de lo que fue la Pe\u00f1a \u2018El Espinillo\u2019 y lo que fue el sal\u00f3n \u2018La Costera\u2019\u201d.<\/p>\n\n\n\n<blockquote class=\"wp-block-quote is-layout-flow wp-block-quote-is-layout-flow\"><p>\u201cHoy las instalaciones est\u00e1 abandonadas pero son recuperables\u201d<\/p><\/blockquote>\n\n\n\n<p>Ahondando esta informaci\u00f3n se\u00f1al\u00f3: \u201cHoy las instalaciones est\u00e1 abandonadas pero son recuperables; en el futuro ser\u00e1n las oficinas de esas \u00e1reas\u201d.<\/p>\n","protected":false},"excerpt":{"rendered":"<p>Eduardo Salas, directivo del Club Lan\u00fas de Concepci\u00f3n del Uruguay, brind\u00f3 detalles acerca del Complejo Deportivo, Cultural y de la Producci\u00f3n \u201cEvita\u201d, espacio para el que se anunciaron obras por m\u00e1s de 60 millones de pesos. \u201cEl Intendente Mart\u00edn Oliva me design\u00f3 como Jefe Municipal del Complejo que comprende una cancha de f\u00fatbol, la cancha [&hellip;]<\/p>\n","protected":false},"author":2,"featured_media":2055,"comment_status":"open","ping_status":"open","sticky":false,"template":"","format":"standard","meta":{"_jetpack_memberships_contains_paid_content":false,"footnotes":"","jetpack_publicize_message":"","jetpack_publicize_feature_enabled":true,"jetpack_social_post_already_shared":true,"jetpack_social_options":{"image_generator_settings":{"template":"highway","default_image_id":0,"enabled":false},"version":2}},"categories":[173],"tags":[60,728,729,730],"class_list":["post-2054","post","type-post","status-publish","format-standard","has-post-thumbnail","hentry","category-deportes","tag-60","tag-canon-salas","tag-club-lanus","tag-complejo-evita"],"jetpack_publicize_connections":[],"jetpack_featured_media_url":"https:\/\/3260.com.ar\/web\/wp-content\/uploads\/2020\/11\/canon-salas.gif","jetpack_sharing_enabled":true,"_links":{"self":[{"href":"https:\/\/3260.com.ar\/web\/wp-json\/wp\/v2\/posts\/2054","targetHints":{"allow":["GET"]}}],"collection":[{"href":"https:\/\/3260.com.ar\/web\/wp-json\/wp\/v2\/posts"}],"about":[{"href":"https:\/\/3260.com.ar\/web\/wp-json\/wp\/v2\/types\/post"}],"author":[{"embeddable":true,"href":"https:\/\/3260.com.ar\/web\/wp-json\/wp\/v2\/users\/2"}],"replies":[{"embeddable":true,"href":"https:\/\/3260.com.ar\/web\/wp-json\/wp\/v2\/comments?post=2054"}],"version-history":[{"count":0,"href":"https:\/\/3260.com.ar\/web\/wp-json\/wp\/v2\/posts\/2054\/revisions"}],"wp:featuredmedia":[{"embeddable":true,"href":"https:\/\/3260.com.ar\/web\/wp-json\/wp\/v2\/media\/2055"}],"wp:attachment":[{"href":"https:\/\/3260.com.ar\/web\/wp-json\/wp\/v2\/media?parent=2054"}],"wp:term":[{"taxonomy":"category","embeddable":true,"href":"https:\/\/3260.com.ar\/web\/wp-json\/wp\/v2\/categories?post=2054"},{"taxonomy":"post_tag","embeddable":true,"href":"https:\/\/3260.com.ar\/web\/wp-json\/wp\/v2\/tags?post=2054"}],"curies":[{"name":"wp","href":"https:\/\/api.w.org\/{rel}","templated":true}]}}