{"id":2248,"date":"2020-12-22T08:47:00","date_gmt":"2020-12-22T08:47:00","guid":{"rendered":"http:\/\/3260.com.ar\/web\/?p=2248"},"modified":"2020-12-22T10:51:55","modified_gmt":"2020-12-22T10:51:55","slug":"sin-paritarias-agmer-no-iniciara-el-ciclo-2021","status":"publish","type":"post","link":"https:\/\/3260.com.ar\/web\/sin-paritarias-agmer-no-iniciara-el-ciclo-2021\/","title":{"rendered":"Sin paritarias AGMER no iniciar\u00e1 el Ciclo 2021"},"content":{"rendered":"\n<p>El Congreso Extraordinario de AGMER, que sesion\u00f3 este viernes de manera virtual, declar\u00f3 el <strong>No inicio del ciclo lectivo 2021<\/strong> si no hay recomposici\u00f3n salarial y paritaria de condiciones laborales.<\/p>\n\n\n\n<h4 class=\"wp-block-heading\"><strong>Compartimos un adelanto de las Resoluciones:<\/strong><\/h4>\n\n\n\n<ul class=\"wp-block-list\"><li>Ratificar lo actuado por la Comisi\u00f3n Directiva Central.<\/li><li>Declarar el NO inicio del ciclo lectivo 2021, de no existir una oferta salarial que recomponga el salario de las trabajadoras y trabajadores y se convoque a paritarias de condiciones laborales de manera urgente.<\/li><li>Exigir al gobierno provincial la restituci\u00f3n del aporte patronal hist\u00f3rico del 6 % a nuestra obra social IOSPER.<\/li><li>Repudiar la actitud extorsiva de la FEMER que tiene de rehenes a los trabajadores afiliados al IOSPER.<\/li><li>Reafirmar la defensa irrestricta de la Ley 8732.<\/li><li>Aprobar la declaraci\u00f3n de este Congreso para ser publicada en los medios provinciales como solicitada.<\/li><\/ul>\n\n\n\n<p class=\"has-text-align-right has-small-font-size\">Fuente: AGMER.<\/p>\n","protected":false},"excerpt":{"rendered":"<p>El Congreso Extraordinario de AGMER, que sesion\u00f3 este viernes de manera virtual, declar\u00f3 el No inicio del ciclo lectivo 2021 si no hay recomposici\u00f3n salarial y paritaria de condiciones laborales. Compartimos un adelanto de las Resoluciones: Ratificar lo actuado por la Comisi\u00f3n Directiva Central. Declarar el NO inicio del ciclo lectivo 2021, de no existir [&hellip;]<\/p>\n","protected":false},"author":2,"featured_media":2249,"comment_status":"open","ping_status":"open","sticky":false,"template":"","format":"standard","meta":{"_jetpack_memberships_contains_paid_content":false,"footnotes":"","jetpack_publicize_message":"","jetpack_publicize_feature_enabled":true,"jetpack_social_post_already_shared":true,"jetpack_social_options":{"image_generator_settings":{"template":"highway","default_image_id":0,"enabled":false},"version":2}},"categories":[176],"tags":[60,407,468],"class_list":["post-2248","post","type-post","status-publish","format-standard","has-post-thumbnail","hentry","category-educacion","tag-60","tag-agmer","tag-ciclo-lectivo-2021"],"jetpack_publicize_connections":[],"jetpack_featured_media_url":"https:\/\/3260.com.ar\/web\/wp-content\/uploads\/2020\/12\/agmer-2021.gif","jetpack_sharing_enabled":true,"_links":{"self":[{"href":"https:\/\/3260.com.ar\/web\/wp-json\/wp\/v2\/posts\/2248","targetHints":{"allow":["GET"]}}],"collection":[{"href":"https:\/\/3260.com.ar\/web\/wp-json\/wp\/v2\/posts"}],"about":[{"href":"https:\/\/3260.com.ar\/web\/wp-json\/wp\/v2\/types\/post"}],"author":[{"embeddable":true,"href":"https:\/\/3260.com.ar\/web\/wp-json\/wp\/v2\/users\/2"}],"replies":[{"embeddable":true,"href":"https:\/\/3260.com.ar\/web\/wp-json\/wp\/v2\/comments?post=2248"}],"version-history":[{"count":0,"href":"https:\/\/3260.com.ar\/web\/wp-json\/wp\/v2\/posts\/2248\/revisions"}],"wp:featuredmedia":[{"embeddable":true,"href":"https:\/\/3260.com.ar\/web\/wp-json\/wp\/v2\/media\/2249"}],"wp:attachment":[{"href":"https:\/\/3260.com.ar\/web\/wp-json\/wp\/v2\/media?parent=2248"}],"wp:term":[{"taxonomy":"category","embeddable":true,"href":"https:\/\/3260.com.ar\/web\/wp-json\/wp\/v2\/categories?post=2248"},{"taxonomy":"post_tag","embeddable":true,"href":"https:\/\/3260.com.ar\/web\/wp-json\/wp\/v2\/tags?post=2248"}],"curies":[{"name":"wp","href":"https:\/\/api.w.org\/{rel}","templated":true}]}}