{"id":2299,"date":"2021-01-11T06:07:00","date_gmt":"2021-01-11T06:07:00","guid":{"rendered":"http:\/\/3260.com.ar\/web\/?p=2299"},"modified":"2021-01-10T19:09:40","modified_gmt":"2021-01-10T19:09:40","slug":"continuan-los-trabajos-en-el-palacio-san-jose","status":"publish","type":"post","link":"https:\/\/3260.com.ar\/web\/continuan-los-trabajos-en-el-palacio-san-jose\/","title":{"rendered":"Contin\u00faan los trabajos en el Palacio San Jos\u00e9"},"content":{"rendered":"\n<p>Como desde hace un tiempo, <strong>se contin\u00faa realizando trabajos en el \u201cPalacio San Jos\u00e9\u201d<\/strong>, sitio que fuera la morada del Gral. Justo Jos\u00e9 de Urquiza.<\/p>\n\n\n\n<p>Este domingo, seg\u00fan se inform\u00f3 en las redes sociales del Museo, se realiz\u00f3 una reuni\u00f3n con su flamante <strong>\u201c\u00c1rea ABCI\u201d<\/strong> (archivo, biblioteca, conservaci\u00f3n e investigaci\u00f3n).<\/p>\n\n\n\n<p>Las tareas llevadas a cabo en esta y en futuras reuniones est\u00e1n siendo destinadas a la <strong>creaci\u00f3n de contenidos para la p\u00e1gina web<\/strong> del Palacio.<\/p>\n\n\n\n<p>Dicho trabajo investigativo se apoya en la Biblioteca \u201cManuel Eugenio Macchi\u201d y en el rico archivo documental con el que cuenta este museo uruguayense.<\/p>\n\n\n\n<p>Al mismo tiempo, cuenta con el apoyo y la coordinaci\u00f3n de investigadores del Consejo Nacional de Investigaciones Cient\u00edficas y T\u00e9cnicas (CONICET).<\/p>\n\n\n\n<p>D\u00edas atr\u00e1s se dieron a conocer im\u00e1genes acerca de las numerosas tareas de mantenimiento que se vienen realizando en la antigua casa de Urquiza, tales como corte de pasto, podado de \u00e1rboles y limpieza de caminos perimetrales.<\/p>\n","protected":false},"excerpt":{"rendered":"<p>Como desde hace un tiempo, se contin\u00faa realizando trabajos en el \u201cPalacio San Jos\u00e9\u201d, sitio que fuera la morada del Gral. Justo Jos\u00e9 de Urquiza. Este domingo, seg\u00fan se inform\u00f3 en las redes sociales del Museo, se realiz\u00f3 una reuni\u00f3n con su flamante \u201c\u00c1rea ABCI\u201d (archivo, biblioteca, conservaci\u00f3n e investigaci\u00f3n). Las tareas llevadas a cabo [&hellip;]<\/p>\n","protected":false},"author":2,"featured_media":2300,"comment_status":"open","ping_status":"open","sticky":false,"template":"","format":"standard","meta":{"_jetpack_memberships_contains_paid_content":false,"footnotes":"","jetpack_publicize_message":"","jetpack_publicize_feature_enabled":true,"jetpack_social_post_already_shared":true,"jetpack_social_options":{"image_generator_settings":{"template":"highway","default_image_id":0,"enabled":false},"version":2}},"categories":[174],"tags":[60,265,794,189],"class_list":["post-2299","post","type-post","status-publish","format-standard","has-post-thumbnail","hentry","category-cultura","tag-60","tag-museos","tag-palacio-san-jose","tag-urquiza"],"jetpack_publicize_connections":[],"jetpack_featured_media_url":"https:\/\/3260.com.ar\/web\/wp-content\/uploads\/2021\/01\/trabajos-en-palacio.gif","jetpack_sharing_enabled":true,"_links":{"self":[{"href":"https:\/\/3260.com.ar\/web\/wp-json\/wp\/v2\/posts\/2299","targetHints":{"allow":["GET"]}}],"collection":[{"href":"https:\/\/3260.com.ar\/web\/wp-json\/wp\/v2\/posts"}],"about":[{"href":"https:\/\/3260.com.ar\/web\/wp-json\/wp\/v2\/types\/post"}],"author":[{"embeddable":true,"href":"https:\/\/3260.com.ar\/web\/wp-json\/wp\/v2\/users\/2"}],"replies":[{"embeddable":true,"href":"https:\/\/3260.com.ar\/web\/wp-json\/wp\/v2\/comments?post=2299"}],"version-history":[{"count":0,"href":"https:\/\/3260.com.ar\/web\/wp-json\/wp\/v2\/posts\/2299\/revisions"}],"wp:featuredmedia":[{"embeddable":true,"href":"https:\/\/3260.com.ar\/web\/wp-json\/wp\/v2\/media\/2300"}],"wp:attachment":[{"href":"https:\/\/3260.com.ar\/web\/wp-json\/wp\/v2\/media?parent=2299"}],"wp:term":[{"taxonomy":"category","embeddable":true,"href":"https:\/\/3260.com.ar\/web\/wp-json\/wp\/v2\/categories?post=2299"},{"taxonomy":"post_tag","embeddable":true,"href":"https:\/\/3260.com.ar\/web\/wp-json\/wp\/v2\/tags?post=2299"}],"curies":[{"name":"wp","href":"https:\/\/api.w.org\/{rel}","templated":true}]}}