{"id":2495,"date":"2021-03-03T22:19:04","date_gmt":"2021-03-03T22:19:04","guid":{"rendered":"http:\/\/3260.com.ar\/web\/?p=2495"},"modified":"2021-03-03T22:19:06","modified_gmt":"2021-03-03T22:19:06","slug":"presentacion-de-proyectos-de-capacitacion-docente","status":"publish","type":"post","link":"https:\/\/3260.com.ar\/web\/presentacion-de-proyectos-de-capacitacion-docente\/","title":{"rendered":"Presentaci\u00f3n de proyectos de capacitaci\u00f3n docente"},"content":{"rendered":"\n<p>Desde el lunes 1 de marzo y hasta el viernes 30 de abril <strong>est\u00e1 abierta la presentaci\u00f3n de proyectos de capacitaci\u00f3n docente<\/strong> a trav\u00e9s del Sistema de Administraci\u00f3n de Gesti\u00f3n Educativa (SAGE), \u00fanica v\u00eda para para el reconocimiento de puntaje de las propuestas de formaci\u00f3n.<\/p>\n\n\n\n<p>Con este nuevo sistema, el Consejo General de Educaci\u00f3n tendr\u00e1 una mejor organizaci\u00f3n en la presentaci\u00f3n de los proyectos de capacitaci\u00f3n docente y en su evaluaci\u00f3n interna y externa. En tanto que el oferente podr\u00e1 saber en tiempo real cu\u00e1l es la situaci\u00f3n del proyecto, ver la evaluaci\u00f3n de cada una de las \u00e1reas involucradas y hacer un seguimiento completamente digital.<\/p>\n\n\n\n<p>Una vez vencido el plazo <strong>se confeccionar\u00e1 el listado de cursos aprobados con su correspondiente puntaje<\/strong>. La informaci\u00f3n ser\u00e1 p\u00fablica y el docente podr\u00e1 corroborar si la propuesta de formaci\u00f3n que le ofrecen tiene un reconocimiento.<\/p>\n\n\n\n<p>Adem\u00e1s, el circuito administrativo ser\u00e1 completamente digital en el SAGE: carga de proyecto, evaluaci\u00f3n, monitoreo, actas de aprobaci\u00f3n y los certificados en el legajo del docente.<\/p>\n\n\n\n<h4 class=\"wp-block-heading\"><strong>Modalidad del tr\u00e1mite<\/strong>.<\/h4>\n\n\n\n<p>Podr\u00e1n presentar proyectos las instituciones educativas dependientes del Consejo General de Educaci\u00f3n y oferentes externos al organismo, de acuerdo a las siguientes modalidades:<\/p>\n\n\n\n<h6 class=\"wp-block-heading\"><strong>Instituciones dependientes del Consejo General de Educaci\u00f3n<\/strong><\/h6>\n\n\n\n<ul class=\"wp-block-list\"><li>Direcciones departamentales de escuelas e instituciones educativas oficiales de todos los niveles y modalidades del sistema educativo provincial.<\/li><\/ul>\n\n\n\n<p>Para presentar un proyecto de capacitaci\u00f3n, el rector\/director\/secretario de la entidad tendr\u00e1 habilitada la opci\u00f3n de carga en SAGE mediante las opciones&nbsp;<strong>LUP&gt;Formaci\u00f3n docente&gt;Carga de proyectos<\/strong>.<\/p>\n\n\n\n<h6 class=\"wp-block-heading\"><strong>Oferentes externos al Consejo General de Educaci\u00f3n<\/strong><\/h6>\n\n\n\n<ul class=\"wp-block-list\"><li>Organismos provinciales y municipales que aborden capacitaciones sobre temas prioritarios de las pol\u00edticas educativas; universidades nacionales, provinciales y privadas; sindicatos con personer\u00eda gremial provincial o nacional.<\/li><\/ul>\n\n\n\n<p>Para presentar un proyecto de capacitaci\u00f3n\u00a0<strong>deber\u00e1n enviar un correo electr\u00f3nico oficial a\u00a0<\/strong>\u00a0<a href=\"mailto:dtp.desarrollocurricular.cge@entrerios.edu.ar\" target=\"_blank\" rel=\"noreferrer noopener\">dtp.desarrollocurricular.cge@entrerios.edu.ar<\/a>\u00a0con la solicitud de habilitaci\u00f3n como oferente externo a la Direcci\u00f3n de Informaci\u00f3n, Evaluaci\u00f3n y Planeamiento del CGE.\u00a0Una vez reunidos los requisitos de acreditaci\u00f3n se tramitar\u00e1 un usuario \u00fanico e intransferible en SAGE para cargar las solicitudes de proyectos del mismo modo que el caso anterior.<\/p>\n\n\n\n<ul class=\"wp-block-list\"><li>Asociaciones no gubernamentales con personer\u00eda jur\u00eddica, fundaciones y organismos internacionales con trayectoria en el campo educativo con convenio (excluyente) con un Instituto Superior de Formaci\u00f3n Docente dependiente de la Direcci\u00f3n de Educaci\u00f3n Superior o de la Direcci\u00f3n de Educaci\u00f3n de Gesti\u00f3n Privada del CGE.<\/li><\/ul>\n\n\n\n<p>La presentaci\u00f3n del proyecto de capacitaci\u00f3n se realizar\u00e1 \u00fanicamente a trav\u00e9s del instituto con el que han firmado el convenio, previa aprobaci\u00f3n del Consejo Directivo Institucional.<\/p>\n\n\n\n<h4 class=\"wp-block-heading\"><strong>Evaluaci\u00f3n de las propuestas<\/strong>.<\/h4>\n\n\n\n<p>Los proyectos presentados en esta convocatoria (marzo-abril) se evaluar\u00e1n en el transcurso del primer semestre del a\u00f1o. Aquellos que sean aprobados en esta primera instancia, a los que Jurado de Concursos les otorgue reconocimiento de puntaje mediante la normativa correspondiente, podr\u00e1n desarrollarse durante el segundo semestre de 2021 (las capacitaciones no pueden dictarse antes de la emisi\u00f3n de la resoluci\u00f3n).<\/p>\n\n\n\n<p>Los proyectos no aprobados ser\u00e1n devueltos a los oferentes con las observaciones pertinentes y s\u00f3lo podr\u00e1n volver a presentarse en la siguiente convocatoria, prevista para los meses de agosto y septiembre pr\u00f3ximos. Aquellos que sean aprobados en esa segunda instancia, a los que Jurado de Concursos les otorgue reconocimiento de puntaje mediante la normativa correspondiente, podr\u00e1n desarrollarse durante el primer semestre de 2022.<\/p>\n\n\n\n<h4 class=\"wp-block-heading\"><strong>Sistema de carga<\/strong>.<\/h4>\n\n\n\n<p>Mostraremos el uso del sistema y la modalidad de carga a trav\u00e9s de una videoconferencia informativa por Google Meet, el viernes 5 de marzo a las 9 horas. Para participar solo hay que completar el\u00a0<a href=\"https:\/\/docs.google.com\/forms\/d\/e\/1FAIpQLSf7aaH18XsERu7_YLrYxkdUF5LHldSB9DdsShqfO7Qwgh-hJA\/viewform\" target=\"_blank\" rel=\"noreferrer noopener\">formulario digital de inscripci\u00f3n.<\/a><\/p>\n\n\n\n<p>Por cualquier duda o consulta escribir a\u00a0<a href=\"mailto:dtp.desarrollocurricular.cge@entrerios.edu.ar\" target=\"_blank\" rel=\"noreferrer noopener\">dtp.desarrollocurricular.cge@entrerios.edu.ar<\/a><\/p>\n\n\n\n<p class=\"has-text-align-right\" style=\"font-size:14px\">Fuente: Consejo General de Educaci\u00f3n.<\/p>\n","protected":false},"excerpt":{"rendered":"<p>Desde el lunes 1 de marzo y hasta el viernes 30 de abril est\u00e1 abierta la presentaci\u00f3n de proyectos de capacitaci\u00f3n docente a trav\u00e9s del Sistema de Administraci\u00f3n de Gesti\u00f3n Educativa (SAGE), \u00fanica v\u00eda para para el reconocimiento de puntaje de las propuestas de formaci\u00f3n. Con este nuevo sistema, el Consejo General de Educaci\u00f3n tendr\u00e1 [&hellip;]<\/p>\n","protected":false},"author":2,"featured_media":2496,"comment_status":"open","ping_status":"open","sticky":false,"template":"","format":"standard","meta":{"_jetpack_memberships_contains_paid_content":false,"footnotes":"","jetpack_publicize_message":"","jetpack_publicize_feature_enabled":true,"jetpack_social_post_already_shared":true,"jetpack_social_options":{"image_generator_settings":{"template":"highway","default_image_id":0,"enabled":false},"version":2}},"categories":[176],"tags":[60,264,849],"class_list":["post-2495","post","type-post","status-publish","format-standard","has-post-thumbnail","hentry","category-educacion","tag-60","tag-capacitacion","tag-proyectos-docentes"],"jetpack_publicize_connections":[],"jetpack_featured_media_url":"https:\/\/3260.com.ar\/web\/wp-content\/uploads\/2021\/03\/proyectos-docentes.gif","jetpack_sharing_enabled":true,"_links":{"self":[{"href":"https:\/\/3260.com.ar\/web\/wp-json\/wp\/v2\/posts\/2495","targetHints":{"allow":["GET"]}}],"collection":[{"href":"https:\/\/3260.com.ar\/web\/wp-json\/wp\/v2\/posts"}],"about":[{"href":"https:\/\/3260.com.ar\/web\/wp-json\/wp\/v2\/types\/post"}],"author":[{"embeddable":true,"href":"https:\/\/3260.com.ar\/web\/wp-json\/wp\/v2\/users\/2"}],"replies":[{"embeddable":true,"href":"https:\/\/3260.com.ar\/web\/wp-json\/wp\/v2\/comments?post=2495"}],"version-history":[{"count":0,"href":"https:\/\/3260.com.ar\/web\/wp-json\/wp\/v2\/posts\/2495\/revisions"}],"wp:featuredmedia":[{"embeddable":true,"href":"https:\/\/3260.com.ar\/web\/wp-json\/wp\/v2\/media\/2496"}],"wp:attachment":[{"href":"https:\/\/3260.com.ar\/web\/wp-json\/wp\/v2\/media?parent=2495"}],"wp:term":[{"taxonomy":"category","embeddable":true,"href":"https:\/\/3260.com.ar\/web\/wp-json\/wp\/v2\/categories?post=2495"},{"taxonomy":"post_tag","embeddable":true,"href":"https:\/\/3260.com.ar\/web\/wp-json\/wp\/v2\/tags?post=2495"}],"curies":[{"name":"wp","href":"https:\/\/api.w.org\/{rel}","templated":true}]}}