{"id":2707,"date":"2021-05-02T06:33:00","date_gmt":"2021-05-02T06:33:00","guid":{"rendered":"http:\/\/3260.com.ar\/web\/?p=2707"},"modified":"2021-05-03T10:55:43","modified_gmt":"2021-05-03T10:55:43","slug":"y-la-banda-sigue-tocando","status":"publish","type":"post","link":"https:\/\/3260.com.ar\/web\/y-la-banda-sigue-tocando\/","title":{"rendered":"Y la Banda sigue tocando"},"content":{"rendered":"\n<p>La <strong>Banda de M\u00fasica de la Polic\u00eda de Entre R\u00edos<\/strong> cumpli\u00f3 el pasado viernes 30 de Abril nada m\u00e1s y nada menos que <strong>201 a\u00f1os de vida, de m\u00fasica y de alegr\u00eda<\/strong>.<\/p>\n\n\n\n<p>Y dentro del contexto pand\u00e9mico que estamos atravesando, expresaron un c\u00e1lido mensaje en sus redes sociales y publicaron un genial video demostrando lo que vienen haciendo en esta \u00e9poca de \u201cbutacas vac\u00edas\u201d: resistiendo.<\/p>\n\n\n\n<p>\u201cLa Banda de M\u00fasica de la Polic\u00eda de Entre R\u00edos en el d\u00eda de la fecha est\u00e1 cumpliendo 201 Aniversario de su creaci\u00f3n. Otro a\u00f1o m\u00e1s sin poder celebrarlo junto a todos Uds. que d\u00eda a d\u00eda nos demuestran su cari\u00f1o y respeto. Otro a\u00f1o m\u00e1s donde las butacas permanecer\u00e1n vac\u00edas, tras un a\u00f1o desgarrador&#8230; Pero aqu\u00ed seguimos en pie, tratando de resistir, entre amigos, la familia, los de siempre y los que se acaban de unir&#8230; Sosteni\u00e9ndonos los unos a los otros. La mejor compa\u00f1\u00eda y el mejor apoyo\u201d dice el texto publicado.<\/p>\n\n\n\n<p>La originalmente llamada \u201cBanda del Estado\u201d fue creada por <strong>Francisco Ram\u00edrez<\/strong> tras la hist\u00f3rica Batalla de Cepeda e integrada por una decena de m\u00fasicos en su primera formaci\u00f3n.<\/p>\n\n\n\n<p>Hoy, dos siglos despu\u00e9s y con m\u00e1s de cincuenta integrantes, es merecedora del cari\u00f1o constante de su pueblo, el que la alienta en cada lugar en el que se presenta.<\/p>\n\n\n\n<iframe loading=\"lazy\" src=\"https:\/\/www.facebook.com\/plugins\/video.php?height=317&#038;href=https%3A%2F%2Fwww.facebook.com%2F100044469672579%2Fvideos%2F1883788068453278%2F&#038;show_text=false&#038;width=560\" width=\"560\" height=\"317\" style=\"border:none;overflow:hidden\" scrolling=\"no\" frameborder=\"0\" allowfullscreen=\"true\" allow=\"autoplay; clipboard-write; encrypted-media; picture-in-picture; web-share\" allowFullScreen=\"true\"><\/iframe>\n","protected":false},"excerpt":{"rendered":"<p>La Banda de M\u00fasica de la Polic\u00eda de Entre R\u00edos cumpli\u00f3 el pasado viernes 30 de Abril nada m\u00e1s y nada menos que 201 a\u00f1os de vida, de m\u00fasica y de alegr\u00eda. Y dentro del contexto pand\u00e9mico que estamos atravesando, expresaron un c\u00e1lido mensaje en sus redes sociales y publicaron un genial video demostrando lo [&hellip;]<\/p>\n","protected":false},"author":3,"featured_media":2709,"comment_status":"open","ping_status":"open","sticky":false,"template":"","format":"video","meta":{"_jetpack_memberships_contains_paid_content":false,"footnotes":"","jetpack_publicize_message":"","jetpack_publicize_feature_enabled":true,"jetpack_social_post_already_shared":true,"jetpack_social_options":{"image_generator_settings":{"template":"highway","default_image_id":0,"enabled":false},"version":2}},"categories":[174],"tags":[60,187,903],"class_list":["post-2707","post","type-post","status-publish","format-video","has-post-thumbnail","hentry","category-cultura","tag-60","tag-aniversario","tag-banda-de-musica","post_format-post-format-video"],"jetpack_publicize_connections":[],"jetpack_featured_media_url":"https:\/\/3260.com.ar\/web\/wp-content\/uploads\/2021\/05\/banda-de-musica-PER.gif","jetpack_sharing_enabled":true,"_links":{"self":[{"href":"https:\/\/3260.com.ar\/web\/wp-json\/wp\/v2\/posts\/2707","targetHints":{"allow":["GET"]}}],"collection":[{"href":"https:\/\/3260.com.ar\/web\/wp-json\/wp\/v2\/posts"}],"about":[{"href":"https:\/\/3260.com.ar\/web\/wp-json\/wp\/v2\/types\/post"}],"author":[{"embeddable":true,"href":"https:\/\/3260.com.ar\/web\/wp-json\/wp\/v2\/users\/3"}],"replies":[{"embeddable":true,"href":"https:\/\/3260.com.ar\/web\/wp-json\/wp\/v2\/comments?post=2707"}],"version-history":[{"count":0,"href":"https:\/\/3260.com.ar\/web\/wp-json\/wp\/v2\/posts\/2707\/revisions"}],"wp:featuredmedia":[{"embeddable":true,"href":"https:\/\/3260.com.ar\/web\/wp-json\/wp\/v2\/media\/2709"}],"wp:attachment":[{"href":"https:\/\/3260.com.ar\/web\/wp-json\/wp\/v2\/media?parent=2707"}],"wp:term":[{"taxonomy":"category","embeddable":true,"href":"https:\/\/3260.com.ar\/web\/wp-json\/wp\/v2\/categories?post=2707"},{"taxonomy":"post_tag","embeddable":true,"href":"https:\/\/3260.com.ar\/web\/wp-json\/wp\/v2\/tags?post=2707"}],"curies":[{"name":"wp","href":"https:\/\/api.w.org\/{rel}","templated":true}]}}