{"id":2860,"date":"2021-06-04T22:46:28","date_gmt":"2021-06-04T22:46:28","guid":{"rendered":"http:\/\/3260.com.ar\/web\/?p=2860"},"modified":"2021-06-05T11:16:33","modified_gmt":"2021-06-05T11:16:33","slug":"croquiseros-urbanos-uruguayenses-tendran-su-propio-libro","status":"publish","type":"post","link":"https:\/\/3260.com.ar\/web\/croquiseros-urbanos-uruguayenses-tendran-su-propio-libro\/","title":{"rendered":"Croquiseros urbanos uruguayenses tendr\u00e1n su propio libro"},"content":{"rendered":"\n<p>Concepci\u00f3n del Uruguay tiene una mirada que quiz\u00e1s no todos registramos: <strong>la mirada art\u00edstica de los Croquiseros Urbanos<\/strong>. Ellos realizan salidas grupales para graficar edificios, lugares y situaciones distintivas de nuestra ciudad.<\/p>\n\n\n\n<p>Es por ello que la Municipalidad decidi\u00f3 realizar una publicaci\u00f3n con estos trabajos correspondientes a Daniel Barrio, Manuel Putruele, Carina Amarillo, Silvia Colombo, Silvia Martinelli, H\u00e9ctor Manz\u00e1n, Marcelo Bernay, Laura Harispe, Alicia Gregori, Sebasti\u00e1n Cergneux y Facundo Mastandrea.<\/p>\n\n\n\n<p>Realizadas en diversas t\u00e9cnicas, las obras art\u00edsticas grafican el Museo Casa de Delio Panizza, Plaza Ram\u00edrez, Bas\u00edlica Inmaculada, Colegio del Uruguay, Peatonal, Biblioteca Popular \u201cEl Porvenir\u201d, puerto, ferrocarril, el r\u00edo Uruguay, lugares santos, Palacio San Jos\u00e9, el ex Cine-Teatro Gran Rex, y \u201cencantos urbanos\u201d.<\/p>\n\n\n\n<p>El libro pretende, a su vez, mostrarle al uruguayense y al visitante una mirada distinta del lugar, desde el arte, adem\u00e1s de la historia y el turismo que preferentemente se ofrece al llegar a un lugar.<\/p>\n\n\n\n<h4 class=\"wp-block-heading\"><strong>El arte croquisero<\/strong>.<\/h4>\n\n\n\n<p>El esp\u00edritu creativo de <a href=\"https:\/\/www.facebook.com\/groups\/856535244398343\/\" target=\"_blank\" rel=\"noreferrer noopener\">Croquiseros Urbanos de Concepci\u00f3n del Uruguay<\/a> apunta a entender e interpretar la fisonom\u00eda de la ciudad. \u201cLa evoluci\u00f3n de este grupo trasciende el l\u00e1piz y el papel, y como resultado nos comparten en esta publicaci\u00f3n su mirada sensible y trazo ciudadano\u201d, se lee en la introducci\u00f3n del futuro libro.<\/p>\n\n\n\n<p>La formaci\u00f3n del grupo fue impulsada por el arquitecto Manuel Putruele en 2014. Hoy comparten sus trabajos a trav\u00e9s de la fan page \u201cCroquiseros Urbanos C. del Uruguay\u201d.<\/p>\n\n\n\n<p>El objetivo sigue siendo reivindicar el trazo a mano alzada en reemplazo de las fotograf\u00edas, sum\u00e1ndole el surgimiento de camarader\u00eda y transmisi\u00f3n de saberes.<\/p>\n\n\n\n<p>El trabajo se encuentra en proceso de correcci\u00f3n, y espera ser impreso en la Imprenta Oficial municipal&nbsp;a mediados del mes de julio.<\/p>\n\n\n\n<p class=\"has-text-align-right\" style=\"font-size:14px\">Fuente: Municipalidad de Concepci\u00f3n del Uruguay.<\/p>\n","protected":false},"excerpt":{"rendered":"<p>Concepci\u00f3n del Uruguay tiene una mirada que quiz\u00e1s no todos registramos: la mirada art\u00edstica de los Croquiseros Urbanos. Ellos realizan salidas grupales para graficar edificios, lugares y situaciones distintivas de nuestra ciudad. Es por ello que la Municipalidad decidi\u00f3 realizar una publicaci\u00f3n con estos trabajos correspondientes a Daniel Barrio, Manuel Putruele, Carina Amarillo, Silvia Colombo, [&hellip;]<\/p>\n","protected":false},"author":2,"featured_media":2861,"comment_status":"open","ping_status":"open","sticky":false,"template":"","format":"standard","meta":{"_jetpack_memberships_contains_paid_content":false,"footnotes":"","jetpack_publicize_message":"","jetpack_publicize_feature_enabled":true,"jetpack_social_post_already_shared":true,"jetpack_social_options":{"image_generator_settings":{"template":"highway","default_image_id":0,"enabled":false},"version":2}},"categories":[174],"tags":[60,326,940],"class_list":["post-2860","post","type-post","status-publish","format-standard","has-post-thumbnail","hentry","category-cultura","tag-60","tag-arte","tag-croquis"],"jetpack_publicize_connections":[],"jetpack_featured_media_url":"https:\/\/3260.com.ar\/web\/wp-content\/uploads\/2021\/06\/croquis-cdu.gif","jetpack_sharing_enabled":true,"_links":{"self":[{"href":"https:\/\/3260.com.ar\/web\/wp-json\/wp\/v2\/posts\/2860","targetHints":{"allow":["GET"]}}],"collection":[{"href":"https:\/\/3260.com.ar\/web\/wp-json\/wp\/v2\/posts"}],"about":[{"href":"https:\/\/3260.com.ar\/web\/wp-json\/wp\/v2\/types\/post"}],"author":[{"embeddable":true,"href":"https:\/\/3260.com.ar\/web\/wp-json\/wp\/v2\/users\/2"}],"replies":[{"embeddable":true,"href":"https:\/\/3260.com.ar\/web\/wp-json\/wp\/v2\/comments?post=2860"}],"version-history":[{"count":0,"href":"https:\/\/3260.com.ar\/web\/wp-json\/wp\/v2\/posts\/2860\/revisions"}],"wp:featuredmedia":[{"embeddable":true,"href":"https:\/\/3260.com.ar\/web\/wp-json\/wp\/v2\/media\/2861"}],"wp:attachment":[{"href":"https:\/\/3260.com.ar\/web\/wp-json\/wp\/v2\/media?parent=2860"}],"wp:term":[{"taxonomy":"category","embeddable":true,"href":"https:\/\/3260.com.ar\/web\/wp-json\/wp\/v2\/categories?post=2860"},{"taxonomy":"post_tag","embeddable":true,"href":"https:\/\/3260.com.ar\/web\/wp-json\/wp\/v2\/tags?post=2860"}],"curies":[{"name":"wp","href":"https:\/\/api.w.org\/{rel}","templated":true}]}}