{"id":2903,"date":"2021-06-14T23:39:06","date_gmt":"2021-06-14T23:39:06","guid":{"rendered":"http:\/\/3260.com.ar\/web\/?p=2903"},"modified":"2021-06-15T01:11:12","modified_gmt":"2021-06-15T01:11:12","slug":"arte-callejero-a-favor-de-la-tenencia-responsable-de-mascotas","status":"publish","type":"post","link":"https:\/\/3260.com.ar\/web\/arte-callejero-a-favor-de-la-tenencia-responsable-de-mascotas\/","title":{"rendered":"Arte callejero a favor de la tenencia responsable de mascotas"},"content":{"rendered":"\n<p>El Municipio de Basavilbaso, desde el \u00c1rea de Zoonosis y Veterinaria, con la desinteresada colaboraci\u00f3n de ocho artistas locales de la pintura, inici\u00f3 la confecci\u00f3n de murales que retratan a perros con el objeto de <strong>fomentar la concientizaci\u00f3n sobre la adopci\u00f3n y tenencia responsable de mascotas<\/strong>.<\/p>\n\n\n\n<p><em>\u201cEl objetivo de estas actividades es poder, a trav\u00e9s del arte, transmitir un mensaje de concientizaci\u00f3n con la premisa de que #SeamosResponsables a la hora de tener animales, canes en este caso\u201d<\/em>, expresaron desde el Departamento Ejecutivo local.<\/p>\n\n\n\n<p>Para avanzar con la confecci\u00f3n de los murales, el Municipio de Basavilbaso ha provisto de todos los materiales que utilizar\u00e1n y los artistas que, mediante sus t\u00e9cnicas, les dar\u00e1n vida a estas obras urbanas que se apreciar\u00e1n diariamente en la ciudad.<\/p>\n\n\n\n<p><a href=\"https:\/\/www.facebook.com\/hashtag\/seamosresponsables?__eep__=6&amp;__cft__[0]=AZUEO7Qls9QdYZ_QjpW9bIu5zD09EVHu9GequQPcxg9IJ9R6W9Vqy_VMgw7x4CyuWBMdM5W_0ItNN8dHDEpk27hnOMQep0r0oj-9vrR9sC3tzEEOLGELm-H_id_TW4dB0djWToyoYz_fIdjKeLuHpGBu&amp;__tn__=*NK-R\" target=\"_blank\" rel=\"noreferrer noopener\"><strong>#SeamosResponsables<\/strong><\/a> una premisa que debemos sostener en el tiempo para mejorarle la vida a muchos de los animales que conviven con nosotros en la localidad.<\/p>\n\n\n\n<p>En la actualidad, el talento de ocho j\u00f3venes artistas locales ha comenzado a desarrollarse en nuestra ciudad, a fin de plasmar un mensaje que despierte en las personas mayor responsabilidad para con esos seres tan nobles y fieles, que s\u00f3lo merecen nuestra protecci\u00f3n, respeto y no el abandono, ni el maltrato al que muchas veces se ven sometidos.<\/p>\n\n\n\n<div class=\"wp-block-jetpack-tiled-gallery aligncenter is-style-rectangular\"><div class=\"tiled-gallery__gallery\"><div class=\"tiled-gallery__row\"><div class=\"tiled-gallery__col\" style=\"flex-basis:66.75824%\"><figure class=\"tiled-gallery__item\"><img decoding=\"async\" srcset=\"https:\/\/i2.wp.com\/3260.com.ar\/web\/wp-content\/uploads\/2021\/06\/200906836_3416785938424663_3638280887102765638_n.jpg?strip=info&#038;w=600 600w\" alt=\"\" data-height=\"600\" data-id=\"2912\" data-link=\"http:\/\/3260.com.ar\/web\/arte-callejero-a-favor-de-la-tenencia-responsable-de-mascotas\/200906836_3416785938424663_3638280887102765638_n\/\" data-url=\"http:\/\/3260.com.ar\/web\/wp-content\/uploads\/2021\/06\/200906836_3416785938424663_3638280887102765638_n.jpg\" data-width=\"600\" src=\"https:\/\/i2.wp.com\/3260.com.ar\/web\/wp-content\/uploads\/2021\/06\/200906836_3416785938424663_3638280887102765638_n.jpg\" data-amp-layout=\"responsive\"\/><\/figure><\/div><div class=\"tiled-gallery__col\" style=\"flex-basis:33.24176%\"><figure class=\"tiled-gallery__item\"><img decoding=\"async\" srcset=\"https:\/\/i2.wp.com\/3260.com.ar\/web\/wp-content\/uploads\/2021\/06\/200698553_3416785168424740_5060065028100874790_n.png?strip=info&#038;w=600 600w,https:\/\/i2.wp.com\/3260.com.ar\/web\/wp-content\/uploads\/2021\/06\/200698553_3416785168424740_5060065028100874790_n.png?strip=info&#038;w=900 900w,https:\/\/i2.wp.com\/3260.com.ar\/web\/wp-content\/uploads\/2021\/06\/200698553_3416785168424740_5060065028100874790_n.png?strip=info&#038;w=1000 1000w\" alt=\"\" data-height=\"1000\" data-id=\"2909\" data-link=\"http:\/\/3260.com.ar\/web\/arte-callejero-a-favor-de-la-tenencia-responsable-de-mascotas\/200698553_3416785168424740_5060065028100874790_n\/\" data-url=\"http:\/\/3260.com.ar\/web\/wp-content\/uploads\/2021\/06\/200698553_3416785168424740_5060065028100874790_n.png\" data-width=\"1000\" src=\"https:\/\/i2.wp.com\/3260.com.ar\/web\/wp-content\/uploads\/2021\/06\/200698553_3416785168424740_5060065028100874790_n.png\" data-amp-layout=\"responsive\"\/><\/figure><figure class=\"tiled-gallery__item\"><img decoding=\"async\" srcset=\"https:\/\/i2.wp.com\/3260.com.ar\/web\/wp-content\/uploads\/2021\/06\/200489794_3416786415091282_2630627317855041264_n-1.jpg?strip=info&#038;w=600 600w,https:\/\/i2.wp.com\/3260.com.ar\/web\/wp-content\/uploads\/2021\/06\/200489794_3416786415091282_2630627317855041264_n-1.jpg?strip=info&#038;w=900 900w,https:\/\/i2.wp.com\/3260.com.ar\/web\/wp-content\/uploads\/2021\/06\/200489794_3416786415091282_2630627317855041264_n-1.jpg?strip=info&#038;w=1000 1000w\" alt=\"\" data-height=\"1000\" data-id=\"2915\" data-link=\"http:\/\/3260.com.ar\/web\/arte-callejero-a-favor-de-la-tenencia-responsable-de-mascotas\/200489794_3416786415091282_2630627317855041264_n-1\/\" data-url=\"http:\/\/3260.com.ar\/web\/wp-content\/uploads\/2021\/06\/200489794_3416786415091282_2630627317855041264_n-1.jpg\" data-width=\"1000\" src=\"https:\/\/i2.wp.com\/3260.com.ar\/web\/wp-content\/uploads\/2021\/06\/200489794_3416786415091282_2630627317855041264_n-1.jpg\" data-amp-layout=\"responsive\"\/><\/figure><\/div><\/div><div class=\"tiled-gallery__row\"><div class=\"tiled-gallery__col\" style=\"flex-basis:50.00000%\"><figure class=\"tiled-gallery__item\"><img decoding=\"async\" srcset=\"https:\/\/i0.wp.com\/3260.com.ar\/web\/wp-content\/uploads\/2021\/06\/201225604_3416786301757960_4661539189419739396_n-1.jpg?strip=info&#038;w=600 600w,https:\/\/i0.wp.com\/3260.com.ar\/web\/wp-content\/uploads\/2021\/06\/201225604_3416786301757960_4661539189419739396_n-1.jpg?strip=info&#038;w=900 900w,https:\/\/i0.wp.com\/3260.com.ar\/web\/wp-content\/uploads\/2021\/06\/201225604_3416786301757960_4661539189419739396_n-1.jpg?strip=info&#038;w=1000 1000w\" alt=\"\" data-height=\"1000\" data-id=\"2916\" data-link=\"http:\/\/3260.com.ar\/web\/arte-callejero-a-favor-de-la-tenencia-responsable-de-mascotas\/201225604_3416786301757960_4661539189419739396_n-1\/\" data-url=\"http:\/\/3260.com.ar\/web\/wp-content\/uploads\/2021\/06\/201225604_3416786301757960_4661539189419739396_n-1.jpg\" data-width=\"1000\" src=\"https:\/\/i0.wp.com\/3260.com.ar\/web\/wp-content\/uploads\/2021\/06\/201225604_3416786301757960_4661539189419739396_n-1.jpg\" data-amp-layout=\"responsive\"\/><\/figure><\/div><div class=\"tiled-gallery__col\" style=\"flex-basis:50.00000%\"><figure class=\"tiled-gallery__item\"><img decoding=\"async\" srcset=\"https:\/\/i1.wp.com\/3260.com.ar\/web\/wp-content\/uploads\/2021\/06\/201442481_3416784995091424_5637913265027661785_n-1.png?strip=info&#038;w=600 600w,https:\/\/i1.wp.com\/3260.com.ar\/web\/wp-content\/uploads\/2021\/06\/201442481_3416784995091424_5637913265027661785_n-1.png?strip=info&#038;w=900 900w,https:\/\/i1.wp.com\/3260.com.ar\/web\/wp-content\/uploads\/2021\/06\/201442481_3416784995091424_5637913265027661785_n-1.png?strip=info&#038;w=1000 1000w\" alt=\"\" data-height=\"1000\" data-id=\"2917\" data-link=\"http:\/\/3260.com.ar\/web\/arte-callejero-a-favor-de-la-tenencia-responsable-de-mascotas\/201442481_3416784995091424_5637913265027661785_n-1\/\" data-url=\"http:\/\/3260.com.ar\/web\/wp-content\/uploads\/2021\/06\/201442481_3416784995091424_5637913265027661785_n-1.png\" data-width=\"1000\" src=\"https:\/\/i1.wp.com\/3260.com.ar\/web\/wp-content\/uploads\/2021\/06\/201442481_3416784995091424_5637913265027661785_n-1.png\" data-amp-layout=\"responsive\"\/><\/figure><\/div><\/div><\/div><\/div>\n\n\n\n<p class=\"has-text-align-right\" style=\"font-size:14px\">Fuente: Municipalidad de Basavilbaso.<\/p>\n","protected":false},"excerpt":{"rendered":"<p>El Municipio de Basavilbaso, desde el \u00c1rea de Zoonosis y Veterinaria, con la desinteresada colaboraci\u00f3n de ocho artistas locales de la pintura, inici\u00f3 la confecci\u00f3n de murales que retratan a perros con el objeto de fomentar la concientizaci\u00f3n sobre la adopci\u00f3n y tenencia responsable de mascotas. \u201cEl objetivo de estas actividades es poder, a trav\u00e9s [&hellip;]<\/p>\n","protected":false},"author":2,"featured_media":2904,"comment_status":"open","ping_status":"open","sticky":false,"template":"","format":"gallery","meta":{"_jetpack_memberships_contains_paid_content":false,"footnotes":"","jetpack_publicize_message":"","jetpack_publicize_feature_enabled":true,"jetpack_social_post_already_shared":true,"jetpack_social_options":{"image_generator_settings":{"template":"highway","default_image_id":0,"enabled":false},"version":2}},"categories":[174],"tags":[60,950,918,949],"class_list":["post-2903","post","type-post","status-publish","format-gallery","has-post-thumbnail","hentry","category-cultura","tag-60","tag-arte-callejero","tag-basavilbaso","tag-mascotas","post_format-post-format-gallery"],"jetpack_publicize_connections":[],"jetpack_featured_media_url":"https:\/\/3260.com.ar\/web\/wp-content\/uploads\/2021\/06\/seamos-responsables.gif","jetpack_sharing_enabled":true,"_links":{"self":[{"href":"https:\/\/3260.com.ar\/web\/wp-json\/wp\/v2\/posts\/2903","targetHints":{"allow":["GET"]}}],"collection":[{"href":"https:\/\/3260.com.ar\/web\/wp-json\/wp\/v2\/posts"}],"about":[{"href":"https:\/\/3260.com.ar\/web\/wp-json\/wp\/v2\/types\/post"}],"author":[{"embeddable":true,"href":"https:\/\/3260.com.ar\/web\/wp-json\/wp\/v2\/users\/2"}],"replies":[{"embeddable":true,"href":"https:\/\/3260.com.ar\/web\/wp-json\/wp\/v2\/comments?post=2903"}],"version-history":[{"count":0,"href":"https:\/\/3260.com.ar\/web\/wp-json\/wp\/v2\/posts\/2903\/revisions"}],"wp:featuredmedia":[{"embeddable":true,"href":"https:\/\/3260.com.ar\/web\/wp-json\/wp\/v2\/media\/2904"}],"wp:attachment":[{"href":"https:\/\/3260.com.ar\/web\/wp-json\/wp\/v2\/media?parent=2903"}],"wp:term":[{"taxonomy":"category","embeddable":true,"href":"https:\/\/3260.com.ar\/web\/wp-json\/wp\/v2\/categories?post=2903"},{"taxonomy":"post_tag","embeddable":true,"href":"https:\/\/3260.com.ar\/web\/wp-json\/wp\/v2\/tags?post=2903"}],"curies":[{"name":"wp","href":"https:\/\/api.w.org\/{rel}","templated":true}]}}