{"id":2922,"date":"2021-06-16T03:55:00","date_gmt":"2021-06-16T03:55:00","guid":{"rendered":"http:\/\/3260.com.ar\/web\/?p=2922"},"modified":"2021-06-16T01:00:17","modified_gmt":"2021-06-16T01:00:17","slug":"tendremos-vacaciones-de-primavera","status":"publish","type":"post","link":"https:\/\/3260.com.ar\/web\/tendremos-vacaciones-de-primavera\/","title":{"rendered":"\u00bfTendremos \u201cvacaciones de Primavera\u201d?"},"content":{"rendered":"\n<p>\u201cNo nos podemos dar el lujo de no tener temporada\u201d dijo <strong>Leonardo Schey<\/strong>, Presidente de la <a href=\"http:\/\/camaradeturismoer.com.ar\/\" target=\"_blank\" rel=\"noreferrer noopener\">C\u00e1mara Entrerriana de Turismo<\/a>, al Diario Uno Paran\u00e1.<\/p>\n\n\n\n<p>Para ello inform\u00f3 que la instituci\u00f3n que comanda plantea <strong>\u201cposponer las vacaciones de invierno para Septiembre\u201d<\/strong>.<\/p>\n\n\n\n<p>Esta intenci\u00f3n se bas\u00f3 en la importancia de factores tales como la cantidad de <strong>vacunas aplicadas<\/strong>, que aumentar\u00e1 considerablemente para ese mes, y el <strong>clima primaveral<\/strong>, que comenzar\u00e1 a llegar a nuestro pa\u00eds.<\/p>\n\n\n\n<p>Analizando la actualidad del sector tur\u00edstico provincial, <a href=\"https:\/\/www.unoentrerios.com.ar\/la-provincia\/el-sector-turistico-pide-posponer-las-vacaciones-invierno-septiembre-n2666971.html\" target=\"_blank\" rel=\"noreferrer noopener\">Schey concluy\u00f3<\/a>: <strong>\u201cSeguimos fundi\u00e9ndonos, nuestra situaci\u00f3n es inempeorable\u201d<\/strong>.<\/p>\n","protected":false},"excerpt":{"rendered":"<p>\u201cNo nos podemos dar el lujo de no tener temporada\u201d dijo Leonardo Schey, Presidente de la C\u00e1mara Entrerriana de Turismo, al Diario Uno Paran\u00e1. Para ello inform\u00f3 que la instituci\u00f3n que comanda plantea \u201cposponer las vacaciones de invierno para Septiembre\u201d. Esta intenci\u00f3n se bas\u00f3 en la importancia de factores tales como la cantidad de vacunas [&hellip;]<\/p>\n","protected":false},"author":2,"featured_media":1872,"comment_status":"open","ping_status":"open","sticky":false,"template":"","format":"standard","meta":{"_jetpack_memberships_contains_paid_content":false,"footnotes":"","jetpack_publicize_message":"","jetpack_publicize_feature_enabled":true,"jetpack_social_post_already_shared":true,"jetpack_social_options":{"image_generator_settings":{"template":"highway","default_image_id":0,"enabled":false},"version":2}},"categories":[175],"tags":[60,199,957,296,742],"class_list":["post-2922","post","type-post","status-publish","format-standard","has-post-thumbnail","hentry","category-turismo","tag-60","tag-pandemia","tag-primavera","tag-turismo","tag-vacaciones"],"jetpack_publicize_connections":[],"jetpack_featured_media_url":"https:\/\/3260.com.ar\/web\/wp-content\/uploads\/2020\/10\/turismooo.gif","jetpack_sharing_enabled":true,"_links":{"self":[{"href":"https:\/\/3260.com.ar\/web\/wp-json\/wp\/v2\/posts\/2922","targetHints":{"allow":["GET"]}}],"collection":[{"href":"https:\/\/3260.com.ar\/web\/wp-json\/wp\/v2\/posts"}],"about":[{"href":"https:\/\/3260.com.ar\/web\/wp-json\/wp\/v2\/types\/post"}],"author":[{"embeddable":true,"href":"https:\/\/3260.com.ar\/web\/wp-json\/wp\/v2\/users\/2"}],"replies":[{"embeddable":true,"href":"https:\/\/3260.com.ar\/web\/wp-json\/wp\/v2\/comments?post=2922"}],"version-history":[{"count":0,"href":"https:\/\/3260.com.ar\/web\/wp-json\/wp\/v2\/posts\/2922\/revisions"}],"wp:featuredmedia":[{"embeddable":true,"href":"https:\/\/3260.com.ar\/web\/wp-json\/wp\/v2\/media\/1872"}],"wp:attachment":[{"href":"https:\/\/3260.com.ar\/web\/wp-json\/wp\/v2\/media?parent=2922"}],"wp:term":[{"taxonomy":"category","embeddable":true,"href":"https:\/\/3260.com.ar\/web\/wp-json\/wp\/v2\/categories?post=2922"},{"taxonomy":"post_tag","embeddable":true,"href":"https:\/\/3260.com.ar\/web\/wp-json\/wp\/v2\/tags?post=2922"}],"curies":[{"name":"wp","href":"https:\/\/api.w.org\/{rel}","templated":true}]}}