{"id":3009,"date":"2021-07-12T23:30:29","date_gmt":"2021-07-12T23:30:29","guid":{"rendered":"http:\/\/3260.com.ar\/web\/?p=3009"},"modified":"2021-07-12T23:35:17","modified_gmt":"2021-07-12T23:35:17","slug":"entre-rios-lanzo-amplia-su-oferta-vacacional","status":"publish","type":"post","link":"https:\/\/3260.com.ar\/web\/entre-rios-lanzo-amplia-su-oferta-vacacional\/","title":{"rendered":"Entre R\u00edos lanz\u00f3 su amplia su oferta vacacional"},"content":{"rendered":"\n<p>La oferta que tiene la provincia incluye termas, excursiones por parques nacionales, visitas a sitios hist\u00f3ricos, pesca deportiva, paseos n\u00e1uticos, canotaje, trekking, actividades culturales, paseos al aire libre, caminatas y turismo rural, entre otras propuestas.<\/p>\n\n\n\n<p>En cuanto a las disposiciones vigentes en materia de distanciamiento social y obligatorio, el secretario de Turismo, Gast\u00f3n Irazusta, se\u00f1al\u00f3 que \u201cla provincia aplica protocolos espec\u00edficos que demostraron alta eficiencia\u201d. En cuanto a la restricci\u00f3n de circulaci\u00f3n, est\u00e1 dispuesta entre las 0 horas y hasta las 6, exceptuando actividades esenciales.<\/p>\n\n\n\n<p>A los visitantes, como en Semana Santa y Vacaciones de Verano, se volver\u00e1 a solicitar el <strong>permiso de circulaci\u00f3n<\/strong> llamado Certificado Nacional Circular Turismo, disponible en\u00a0<a href=\"http:\/\/www.argentina.gob.ar\/circular\/turismo.\" target=\"_blank\" rel=\"noreferrer noopener\">este enlace.<\/a> No se exigir\u00e1 hisopado ni aislamiento preventivo, as\u00ed como tampoco seguro de viaje Covid 19 o cobertura sanitaria.<\/p>\n\n\n\n<p>\u201cDebido a los buenos resultados que obtuvimos hasta el momento, seguiremos solicitando el Certificado Circular Turismo, como \u00fanico requisito de movilidad. Obedece a la potestad de cada municipio, si quiere tomar alg\u00fan otro tipo de control para reforzar estas medidas\u201d, aclar\u00f3 Irazusta.<\/p>\n\n\n\n<h4 class=\"wp-block-heading\">Termas.<\/h4>\n\n\n\n<p>Entre R\u00edos ofrece <strong>16 complejos dispersos en 14 localidades<\/strong> que re\u00fanen m\u00e1s de 125 piscinas, con temperaturas agradables, paisajes diferentes y distintos productos tur\u00edsticos. \u201cSon una de las opciones de descanso y relajaci\u00f3n para los m\u00e1s grandes e incluyen juego y diversi\u00f3n acu\u00e1tica para los m\u00e1s chicos\u201d, detall\u00f3 el funcionario.<\/p>\n\n\n\n<h4 class=\"wp-block-heading\">Parques.<\/h4>\n\n\n\n<p>Respecto a otras opciones, indic\u00f3 que \u201cpara quienes deseen contemplar los atractivos que ofrece nuestra vasta naturaleza, se puede disfrutar del <strong>Parque Nacional El Palmar<\/strong>, que como las termas cuenta con precios m\u00f3dicos de ingreso y descuentos especiales\u201d.<\/p>\n\n\n\n<p>Para su acceso, se deber\u00e1 reservar previamente y comprar la entrada en el <a href=\"https:\/\/www.argentina.gob.ar\/parquesnacionales\/tarifas\" target=\"_blank\" rel=\"noreferrer noopener\">presente v\u00ednculo<\/a>.<\/p>\n\n\n\n<p>Por su parte, el <strong>Parque Nacional Pre Delta<\/strong> estar\u00e1 abierto desde el 9 de julio, con entrada libre y gratuita, pero se deber\u00e1 realizar una reserva con 24 horas de anticipaci\u00f3n al tel\u00e9fono de la Secretar\u00eda de Turismo de Diamante: 0343-4985019.<\/p>\n\n\n\n<h4 class=\"wp-block-heading\">Alojamientos.<\/h4>\n\n\n\n<p>En cuanto a los servicios de alojamiento, en todas las ciudades se consiguen <strong>tarifas bonificadas para familias y jubilados<\/strong> y las opciones van de categor\u00edas 1 y 2 estrellas en adelante.<\/p>\n\n\n\n<p class=\"has-text-align-right\" style=\"font-size:14px\">Fuente: Secretar\u00eda de Comunicaci\u00f3n de Entre R\u00edos.<\/p>\n","protected":false},"excerpt":{"rendered":"<p>La oferta que tiene la provincia incluye termas, excursiones por parques nacionales, visitas a sitios hist\u00f3ricos, pesca deportiva, paseos n\u00e1uticos, canotaje, trekking, actividades culturales, paseos al aire libre, caminatas y turismo rural, entre otras propuestas. En cuanto a las disposiciones vigentes en materia de distanciamiento social y obligatorio, el secretario de Turismo, Gast\u00f3n Irazusta, se\u00f1al\u00f3 [&hellip;]<\/p>\n","protected":false},"author":3,"featured_media":3010,"comment_status":"open","ping_status":"open","sticky":false,"template":"","format":"standard","meta":{"_jetpack_memberships_contains_paid_content":false,"footnotes":"","jetpack_publicize_message":"","jetpack_publicize_feature_enabled":true,"jetpack_social_post_already_shared":true,"jetpack_social_options":{"image_generator_settings":{"template":"highway","default_image_id":0,"enabled":false},"version":2}},"categories":[175],"tags":[60,275,296,967],"class_list":["post-3009","post","type-post","status-publish","format-standard","has-post-thumbnail","hentry","category-turismo","tag-60","tag-entre-rios","tag-turismo","tag-vacaciones-de-invierno"],"jetpack_publicize_connections":[],"jetpack_featured_media_url":"https:\/\/3260.com.ar\/web\/wp-content\/uploads\/2021\/07\/termas-federacion.gif","jetpack_sharing_enabled":true,"_links":{"self":[{"href":"https:\/\/3260.com.ar\/web\/wp-json\/wp\/v2\/posts\/3009","targetHints":{"allow":["GET"]}}],"collection":[{"href":"https:\/\/3260.com.ar\/web\/wp-json\/wp\/v2\/posts"}],"about":[{"href":"https:\/\/3260.com.ar\/web\/wp-json\/wp\/v2\/types\/post"}],"author":[{"embeddable":true,"href":"https:\/\/3260.com.ar\/web\/wp-json\/wp\/v2\/users\/3"}],"replies":[{"embeddable":true,"href":"https:\/\/3260.com.ar\/web\/wp-json\/wp\/v2\/comments?post=3009"}],"version-history":[{"count":0,"href":"https:\/\/3260.com.ar\/web\/wp-json\/wp\/v2\/posts\/3009\/revisions"}],"wp:featuredmedia":[{"embeddable":true,"href":"https:\/\/3260.com.ar\/web\/wp-json\/wp\/v2\/media\/3010"}],"wp:attachment":[{"href":"https:\/\/3260.com.ar\/web\/wp-json\/wp\/v2\/media?parent=3009"}],"wp:term":[{"taxonomy":"category","embeddable":true,"href":"https:\/\/3260.com.ar\/web\/wp-json\/wp\/v2\/categories?post=3009"},{"taxonomy":"post_tag","embeddable":true,"href":"https:\/\/3260.com.ar\/web\/wp-json\/wp\/v2\/tags?post=3009"}],"curies":[{"name":"wp","href":"https:\/\/api.w.org\/{rel}","templated":true}]}}