{"id":3051,"date":"2021-07-23T00:46:22","date_gmt":"2021-07-23T00:46:22","guid":{"rendered":"http:\/\/3260.com.ar\/web\/?p=3051"},"modified":"2021-07-23T00:46:26","modified_gmt":"2021-07-23T00:46:26","slug":"avanza-la-puesta-en-valor-de-la-casa-de-urquiza","status":"publish","type":"post","link":"https:\/\/3260.com.ar\/web\/avanza-la-puesta-en-valor-de-la-casa-de-urquiza\/","title":{"rendered":"Avanza la puesta en valor de la Casa de Urquiza"},"content":{"rendered":"\n<p>Se ejecuta la primera etapa de la puesta en valor de la Casa de Urquiza. Esto responde a un trabajo de la Municipalidad de Concepci\u00f3n del Uruguay a trav\u00e9s de la&nbsp;Coordinaci\u00f3n de Proyectos Estrat\u00e9gicos, a cargo de Claudia Cardoso.<\/p>\n\n\n\n<p>Desde el inicio de las tareas a esta parte&nbsp;se culminaron las tareas de reparaci\u00f3n de los techos de un sector del edificio; a la vez que se realiza la reparaci\u00f3n de los desag\u00fces de uno de los balcones que representa uno de los principales problemas de filtro de agua hacia dentro del edificio.<\/p>\n\n\n\n<p>Paralelamente se encaran obras internas que se eval\u00faan con consulta de profesionales, y se analizar\u00e1 su continuidad en base a los resultados que se obtengan. Al respecto Claudia Cardoso se\u00f1al\u00f3: \u201cOtra de las tareas que se est\u00e1n realizando es la reparaci\u00f3n de una abertura; que de acuerdo al resultado que obtengamos con esa, ser\u00e1 la decisi\u00f3n que tomemos con el resto de las aberturas exteriores\u201d.<\/p>\n\n\n\n<p>\u201cY tambi\u00e9n se va a proceder a una limpieza de frente con un sistema que fue evaluado con un especialista en restauraci\u00f3n y de acuerdo al resultado ser\u00e1 aplicado en la segunda etapa\u201d, agreg\u00f3 la funcionaria, a la vez que detall\u00f3: \u201cEsta limpieza se realizar\u00e1 sobre una parte de la fachada en calle Galarza, desde el museo Andr\u00e9s Garc\u00eda y b\u00e1sicamente tiene por objetivo no solo limpiar sino eliminar el hongo que da lugar al moho negro que da tan mal aspecto al edificio\u201d.<\/p>\n\n\n\n<p>En la segunda etapa se prev\u00e9 la reparaci\u00f3n de desag\u00fces, balcones y limpieza faltante.<\/p>\n\n\n\n<p><strong>Colocaci\u00f3n de bolardos<\/strong><\/p>\n\n\n\n<p>En cuanto a la obra relacionada a los bolardos tiene por objeto la demarcaci\u00f3n de una zona de cuidado para la seguridad de los vecinos y posteriormente para el cuidado del edificio hist\u00f3rico. En el momento de arreglar las veredas se quitar\u00e1n y se colocar\u00e1n nuevamente.<\/p>\n\n\n\n<p>Cabe destacar que se trata de las primeras acciones de una etapa inicial de obras que incluir\u00e1n tambi\u00e9n la fachada, cuyo costo ser\u00e1 cubierto con fondos municipales. Esta obra primaria forma parte de una estrategia de gestiones a nivel provincial y nacional para lograr los recursos econ\u00f3micos que permitan poner en valor de manera integral la hist\u00f3rica casa.<\/p>\n\n\n\n<p><strong>Un proyecto de refuncionalizaci\u00f3n<\/strong><\/p>\n\n\n\n<p>El objetivo no es s\u00f3lo revalorar su edificio y su patrimonio hist\u00f3rico, sino que la Casa sea integrada al medio urbano y a la sociedad, transform\u00e1ndose en un nuevo espacio de cultura, encuentro y ciudadan\u00eda. Para ello se planea dotar al lugar de actividades culturales y educativas que lo vuelvan activo protagonista de la vida diaria.<\/p>\n\n\n\n<p>Esto se lograr\u00eda mediante el reordenamiento espacio-funcional del edificio, dando uso tanto a las habitaciones como a patios y galer\u00edas. Se proyecta tambi\u00e9n una sala para conferencias y reuniones con capacidad aproximada para 70 personas.<\/p>\n\n\n\n<p>La refuncionalizaci\u00f3n integral contempla espacios para talleres educativos y culturales de los Museos Artemio Alisio y Andr\u00e9s Garc\u00eda, dep\u00f3sito para las m\u00e1s de 2 mil obras del primero de tales Museos, aulas, sector gastron\u00f3mico, Biblioteca Hist\u00f3rica Municipal, Sala Evocativa de Malvinas, oficinas, patio de conciertos y muestras, entre otras dependencias.<\/p>\n\n\n\n<p class=\"has-text-align-right\" style=\"font-size:14px\">Fuente: Municipalidad de Concepci\u00f3n del Uruguay.<\/p>\n","protected":false},"excerpt":{"rendered":"<p>Se ejecuta la primera etapa de la puesta en valor de la Casa de Urquiza. Esto responde a un trabajo de la Municipalidad de Concepci\u00f3n del Uruguay a trav\u00e9s de la&nbsp;Coordinaci\u00f3n de Proyectos Estrat\u00e9gicos, a cargo de Claudia Cardoso. Desde el inicio de las tareas a esta parte&nbsp;se culminaron las tareas de reparaci\u00f3n de los [&hellip;]<\/p>\n","protected":false},"author":3,"featured_media":3052,"comment_status":"open","ping_status":"open","sticky":false,"template":"","format":"standard","meta":{"_jetpack_memberships_contains_paid_content":false,"footnotes":"","jetpack_publicize_message":"","jetpack_publicize_feature_enabled":true,"jetpack_social_post_already_shared":true,"jetpack_social_options":{"image_generator_settings":{"template":"highway","default_image_id":0,"enabled":false},"version":2}},"categories":[174],"tags":[60,331,217,189],"class_list":["post-3051","post","type-post","status-publish","format-standard","has-post-thumbnail","hentry","category-cultura","tag-60","tag-concepcion-del-uruguay","tag-patrimonio","tag-urquiza"],"jetpack_publicize_connections":[],"jetpack_featured_media_url":"https:\/\/3260.com.ar\/web\/wp-content\/uploads\/2021\/07\/casa-urquiza.gif","jetpack_sharing_enabled":true,"_links":{"self":[{"href":"https:\/\/3260.com.ar\/web\/wp-json\/wp\/v2\/posts\/3051","targetHints":{"allow":["GET"]}}],"collection":[{"href":"https:\/\/3260.com.ar\/web\/wp-json\/wp\/v2\/posts"}],"about":[{"href":"https:\/\/3260.com.ar\/web\/wp-json\/wp\/v2\/types\/post"}],"author":[{"embeddable":true,"href":"https:\/\/3260.com.ar\/web\/wp-json\/wp\/v2\/users\/3"}],"replies":[{"embeddable":true,"href":"https:\/\/3260.com.ar\/web\/wp-json\/wp\/v2\/comments?post=3051"}],"version-history":[{"count":0,"href":"https:\/\/3260.com.ar\/web\/wp-json\/wp\/v2\/posts\/3051\/revisions"}],"wp:featuredmedia":[{"embeddable":true,"href":"https:\/\/3260.com.ar\/web\/wp-json\/wp\/v2\/media\/3052"}],"wp:attachment":[{"href":"https:\/\/3260.com.ar\/web\/wp-json\/wp\/v2\/media?parent=3051"}],"wp:term":[{"taxonomy":"category","embeddable":true,"href":"https:\/\/3260.com.ar\/web\/wp-json\/wp\/v2\/categories?post=3051"},{"taxonomy":"post_tag","embeddable":true,"href":"https:\/\/3260.com.ar\/web\/wp-json\/wp\/v2\/tags?post=3051"}],"curies":[{"name":"wp","href":"https:\/\/api.w.org\/{rel}","templated":true}]}}