{"id":3117,"date":"2021-08-04T01:08:25","date_gmt":"2021-08-04T01:08:25","guid":{"rendered":"http:\/\/3260.com.ar\/web\/?p=3117"},"modified":"2021-08-04T01:08:29","modified_gmt":"2021-08-04T01:08:29","slug":"semana-mundial-de-la-lactancia-materna","status":"publish","type":"post","link":"https:\/\/3260.com.ar\/web\/semana-mundial-de-la-lactancia-materna\/","title":{"rendered":"Semana mundial de la lactancia materna"},"content":{"rendered":"\n<p>En la Semana Mundial de la Lactancia Materna, compartimos la declaraci\u00f3n conjunta realizada por la Directora Ejecutiva de Unicef, <strong>Henrietta Fore<\/strong>, y del <strong>Dr. Tedros Adhanom Ghebreyesus<\/strong>, Director General de la OMS.<\/p>\n\n\n\n<p>\u201cA principios de este a\u00f1o, los gobiernos, los donantes, la sociedad civil y el sector privado se unieron para poner en marcha el\u00a0<em>A\u00f1o de Acci\u00f3n de la Nutrici\u00f3n para el Crecimiento<\/em>. El A\u00f1o de Acci\u00f3n ofrece una oportunidad hist\u00f3rica para transformar la forma en que el mundo encara el compromiso de eliminar la desnutrici\u00f3n infantil.<\/p>\n\n\n\n<p>\u201cLa lactancia materna es un elemento fundamental para cumplir con este compromiso.<\/p>\n\n\n\n<p>\u201cLa iniciaci\u00f3n de la lactancia materna en la primera hora del nacimiento, seguida de la lactancia materna exclusiva durante seis meses y la continuaci\u00f3n de la lactancia materna hasta los dos a\u00f1os o m\u00e1s, ofrecen una s\u00f3lida l\u00ednea de defensa contra todas las formas de malnutrici\u00f3n infantil, incluidas la emaciaci\u00f3n y la obesidad. La lactancia materna tambi\u00e9n se puede considerar como la primera vacuna de los beb\u00e9s, ya que les protege contra muchas enfermedades comunes de la infancia.<\/p>\n\n\n\n<p>\u201cAunque en los \u00faltimos cuatro decenios se han producido avances en las tasas de lactancia materna \u2013debido a un aumento del 50% en la prevalencia de la lactancia materna exclusiva en todo el mundo\u2013, la pandemia de la COVID 19 ha puesto de manifiesto la fragilidad de esos logros.<\/p>\n\n\n\n<p>\u201cEn muchos pa\u00edses, la pandemia ha provocado importantes interrupciones en los servicios de apoyo a la lactancia materna, al tiempo que ha aumentado el riesgo de inseguridad alimentaria y de malnutrici\u00f3n. Varios pa\u00edses han notificado que los productores de alimentos para beb\u00e9s han agravado estos riesgos al generar temores infundados de que la lactancia materna pueda transmitir la COVID-19, lo que les ha llevado a comercializar sus productos como una alternativa m\u00e1s segura que la lactancia materna.<\/p>\n\n\n\n<p>\u201cLa Semana Mundial de la Lactancia Materna de este a\u00f1o, cuyo lema es&nbsp;<em>Proteger la lactancia materna: Una responsabilidad compartida,<\/em>&nbsp;permite examinar los compromisos asumidos a principios de este a\u00f1o para dar prioridad a los entornos que faciliten que las madres y los beb\u00e9s practiquen la lactancia materna. Esto incluye las medidas siguientes:<\/p>\n\n\n\n<ul class=\"wp-block-list\"><li>Garantizar que los gobiernos, el personal sanitario y la industria apliquen el C\u00f3digo Internacional de Comercializaci\u00f3n de Suced\u00e1neos de la Leche Materna, establecido para proteger a las madres de las pr\u00e1cticas de comercializaci\u00f3n agresivas de la industria de alimentos para beb\u00e9s.<\/li><li>Garantizar que el personal sanitario disponga de los recursos y la informaci\u00f3n necesarios para apoyar eficazmente a las madres en la lactancia materna, entre otras cosas mediante iniciativas mundiales como la&nbsp;<a href=\"https:\/\/www.who.int\/teams\/nutrition-and-food-safety\/food-and-nutrition-actions-in-health-systems\/ten-steps-to-successful-breastfeeding\">Iniciativa de Hospitales Amigos de la Infancia<\/a>, y las<a href=\"https:\/\/www.who.int\/publications\/i\/item\/9789241550468\">&nbsp;directrices sobre asesoramiento en materia de lactancia<\/a>.<\/li><li>Garantizar que los empleadores concedan a las mujeres el tiempo y el espacio que necesitan para amamantar, lo que incluye ofrecer un permiso parental remunerado con una licencia de maternidad de mayor duraci\u00f3n; instalar en el lugar de trabajo lugares seguros para la lactancia; facilitar el acceso a guarder\u00edas asequibles y de buena calidad; y ofrecer prestaciones universales por hijos y salarios adecuados.<\/li><\/ul>\n\n\n\n<p>\u201cA medida que nos acercamos&nbsp;<a href=\"https:\/\/unfss.org\/home\/about-unfss\/\">Cumbre de Sistemas Alimentarios de la ONU<\/a>&nbsp;de septiembre y a la<a href=\"https:\/\/nutritionforgrowth.org\/\">&nbsp;Cumbre de Nutrici\u00f3n para el Crecimiento<\/a>&nbsp;de Tokio de diciembre, los gobiernos, los donantes, la sociedad civil y el sector privado tienen la oportunidad de realizar inversiones y compromisos inteligentes para hacer frente a la crisis mundial de la malnutrici\u00f3n \u2013incluyendo la protecci\u00f3n y la promoci\u00f3n de la lactancia materna y el apoyo a la pr\u00e1ctica\u2013 por medio de pol\u00edticas, programas y acciones m\u00e1s contundentes.<\/p>\n\n\n\n<p>\u201cNo es el momento de rebajar nuestras ambiciones. Es el momento de apuntar alto. Nos comprometemos a que el A\u00f1o de Acci\u00f3n de la Nutrici\u00f3n para el Crecimiento sea un \u00e9xito, garantizando que el derecho de todos los ni\u00f1os a una alimentaci\u00f3n nutritiva, segura y asequible y a una nutrici\u00f3n adecuada se haga realidad desde el principio de la vida, empezando por la lactancia materna.\u201d<\/p>\n\n\n\n<p class=\"has-text-align-right\" style=\"font-size:14px\">Fuente: <a href=\"https:\/\/www.unicef.org\/es\/comunicados-prensa\/declaracion-conjunta-unicef-y-OMS-Semana-Mundial-Lactancia-Materna\" target=\"_blank\" rel=\"noreferrer noopener\">Unicef.org<\/a><\/p>\n","protected":false},"excerpt":{"rendered":"<p>En la Semana Mundial de la Lactancia Materna, compartimos la declaraci\u00f3n conjunta realizada por la Directora Ejecutiva de Unicef, Henrietta Fore, y del Dr. Tedros Adhanom Ghebreyesus, Director General de la OMS. \u201cA principios de este a\u00f1o, los gobiernos, los donantes, la sociedad civil y el sector privado se unieron para poner en marcha el\u00a0A\u00f1o [&hellip;]<\/p>\n","protected":false},"author":3,"featured_media":3118,"comment_status":"open","ping_status":"open","sticky":false,"template":"","format":"standard","meta":{"_jetpack_memberships_contains_paid_content":false,"footnotes":"","jetpack_publicize_message":"","jetpack_publicize_feature_enabled":true,"jetpack_social_post_already_shared":true,"jetpack_social_options":{"image_generator_settings":{"template":"highway","default_image_id":0,"enabled":false},"version":2}},"categories":[613],"tags":[60,990,991],"class_list":["post-3117","post","type-post","status-publish","format-standard","has-post-thumbnail","hentry","category-generales","tag-60","tag-lactancia-materna","tag-unicef"],"jetpack_publicize_connections":[],"jetpack_featured_media_url":"https:\/\/3260.com.ar\/web\/wp-content\/uploads\/2021\/08\/lactancia.gif","jetpack_sharing_enabled":true,"_links":{"self":[{"href":"https:\/\/3260.com.ar\/web\/wp-json\/wp\/v2\/posts\/3117","targetHints":{"allow":["GET"]}}],"collection":[{"href":"https:\/\/3260.com.ar\/web\/wp-json\/wp\/v2\/posts"}],"about":[{"href":"https:\/\/3260.com.ar\/web\/wp-json\/wp\/v2\/types\/post"}],"author":[{"embeddable":true,"href":"https:\/\/3260.com.ar\/web\/wp-json\/wp\/v2\/users\/3"}],"replies":[{"embeddable":true,"href":"https:\/\/3260.com.ar\/web\/wp-json\/wp\/v2\/comments?post=3117"}],"version-history":[{"count":0,"href":"https:\/\/3260.com.ar\/web\/wp-json\/wp\/v2\/posts\/3117\/revisions"}],"wp:featuredmedia":[{"embeddable":true,"href":"https:\/\/3260.com.ar\/web\/wp-json\/wp\/v2\/media\/3118"}],"wp:attachment":[{"href":"https:\/\/3260.com.ar\/web\/wp-json\/wp\/v2\/media?parent=3117"}],"wp:term":[{"taxonomy":"category","embeddable":true,"href":"https:\/\/3260.com.ar\/web\/wp-json\/wp\/v2\/categories?post=3117"},{"taxonomy":"post_tag","embeddable":true,"href":"https:\/\/3260.com.ar\/web\/wp-json\/wp\/v2\/tags?post=3117"}],"curies":[{"name":"wp","href":"https:\/\/api.w.org\/{rel}","templated":true}]}}