{"id":3205,"date":"2021-08-20T22:57:11","date_gmt":"2021-08-20T22:57:11","guid":{"rendered":"http:\/\/3260.com.ar\/web\/?p=3205"},"modified":"2021-08-20T22:57:16","modified_gmt":"2021-08-20T22:57:16","slug":"prestadores-turisticos-se-capacitaron-sobre-gestion-de-riesgos-en-ambientes-naturales","status":"publish","type":"post","link":"https:\/\/3260.com.ar\/web\/prestadores-turisticos-se-capacitaron-sobre-gestion-de-riesgos-en-ambientes-naturales\/","title":{"rendered":"Prestadores tur\u00edsticos se capacitaron sobre \u201cGesti\u00f3n de Riesgos en Ambientes Naturales\u201d"},"content":{"rendered":"\n<p>Concepci\u00f3n del Uruguay fue sede provincial del curso de \u201cGesti\u00f3n de Riesgos en Ambientes Naturales\u201d, que dicta en todo el pa\u00eds el Ministerio de Turismo y Deportes de la Naci\u00f3n y que en el caso de Entre R\u00edos, lo hace junto a la Secretar\u00eda de Turismo de la provincia.<\/p>\n\n\n\n<p>Est\u00e1 dirigido a prestadores de servicios tur\u00edsticos vinculados a la naturaleza, como parte de una serie de actividades para impulsar el desarrollo de destinos naturales en todo el pa\u00eds.<\/p>\n\n\n\n<p>El curso comenz\u00f3 este mi\u00e9rcoles y se desarroll\u00f3 hasta hoy viernes en el Centro de Capacitaci\u00f3n Tur\u00edstica (CeCaT) de La Hist\u00f3rica.<\/p>\n\n\n\n<p>Representantes de Concepci\u00f3n del Uruguay, Gualeguaych\u00fa, Federaci\u00f3n, San Jos\u00e9 y Villaguay, entre otras localidades entrerrianas, participaron de esta capacitaci\u00f3n que est\u00e1 a cargo de Ra\u00fal Llus\u00e1, quien es capacitador en el marco de la Asociaci\u00f3n de Ecoturismo y Turismo Aventura de la Rep\u00fablica Argentina (AAETAV).<\/p>\n\n\n\n<p class=\"has-text-align-right\" style=\"font-size:14px\">Fuente: Municipalidad de Concepci\u00f3n del Uruguay.<\/p>\n","protected":false},"excerpt":{"rendered":"<p>Concepci\u00f3n del Uruguay fue sede provincial del curso de \u201cGesti\u00f3n de Riesgos en Ambientes Naturales\u201d, que dicta en todo el pa\u00eds el Ministerio de Turismo y Deportes de la Naci\u00f3n y que en el caso de Entre R\u00edos, lo hace junto a la Secretar\u00eda de Turismo de la provincia. Est\u00e1 dirigido a prestadores de servicios [&hellip;]<\/p>\n","protected":false},"author":3,"featured_media":3206,"comment_status":"open","ping_status":"open","sticky":false,"template":"","format":"standard","meta":{"_jetpack_memberships_contains_paid_content":false,"footnotes":"","jetpack_publicize_message":"","jetpack_publicize_feature_enabled":true,"jetpack_social_post_already_shared":true,"jetpack_social_options":{"image_generator_settings":{"template":"highway","default_image_id":0,"enabled":false},"version":2}},"categories":[175],"tags":[60,264,296],"class_list":["post-3205","post","type-post","status-publish","format-standard","has-post-thumbnail","hentry","category-turismo","tag-60","tag-capacitacion","tag-turismo"],"jetpack_publicize_connections":[],"jetpack_featured_media_url":"https:\/\/3260.com.ar\/web\/wp-content\/uploads\/2021\/08\/cecat-turismo.gif","jetpack_sharing_enabled":true,"_links":{"self":[{"href":"https:\/\/3260.com.ar\/web\/wp-json\/wp\/v2\/posts\/3205","targetHints":{"allow":["GET"]}}],"collection":[{"href":"https:\/\/3260.com.ar\/web\/wp-json\/wp\/v2\/posts"}],"about":[{"href":"https:\/\/3260.com.ar\/web\/wp-json\/wp\/v2\/types\/post"}],"author":[{"embeddable":true,"href":"https:\/\/3260.com.ar\/web\/wp-json\/wp\/v2\/users\/3"}],"replies":[{"embeddable":true,"href":"https:\/\/3260.com.ar\/web\/wp-json\/wp\/v2\/comments?post=3205"}],"version-history":[{"count":0,"href":"https:\/\/3260.com.ar\/web\/wp-json\/wp\/v2\/posts\/3205\/revisions"}],"wp:featuredmedia":[{"embeddable":true,"href":"https:\/\/3260.com.ar\/web\/wp-json\/wp\/v2\/media\/3206"}],"wp:attachment":[{"href":"https:\/\/3260.com.ar\/web\/wp-json\/wp\/v2\/media?parent=3205"}],"wp:term":[{"taxonomy":"category","embeddable":true,"href":"https:\/\/3260.com.ar\/web\/wp-json\/wp\/v2\/categories?post=3205"},{"taxonomy":"post_tag","embeddable":true,"href":"https:\/\/3260.com.ar\/web\/wp-json\/wp\/v2\/tags?post=3205"}],"curies":[{"name":"wp","href":"https:\/\/api.w.org\/{rel}","templated":true}]}}