{"id":3589,"date":"2021-11-18T23:41:59","date_gmt":"2021-11-18T23:41:59","guid":{"rendered":"http:\/\/3260.com.ar\/web\/?p=3589"},"modified":"2021-11-18T23:42:03","modified_gmt":"2021-11-18T23:42:03","slug":"la-historica-realizara-este-viernes-la-feria-de-carreras","status":"publish","type":"post","link":"https:\/\/3260.com.ar\/web\/la-historica-realizara-este-viernes-la-feria-de-carreras\/","title":{"rendered":"La Hist\u00f3rica realizar\u00e1 este viernes la Feria de Carreras"},"content":{"rendered":"\n<p>Este viernes 19 de Noviembre en doble turno se realizar\u00e1 la <strong>Feria de Carreras<\/strong> en la Plaza Ram\u00edrez de Concepci\u00f3n del Uruguay.<\/p>\n\n\n\n<p>En ella se brindar\u00e1n charlas, exhibiciones, producciones, muestras y visitas, en las que participar\u00e1n las universidades, escuelas e institutos de La Hist\u00f3rica.<\/p>\n\n\n\n<p>El listado de actividades que se desarrollar\u00e1n en los horarios <strong>de 9 a 12 y de 16 a 20<\/strong> incluye:<\/p>\n\n\n\n<ul class=\"wp-block-list\"><li>Propuestas acad\u00e9micas de Universidades, Instituciones de Nivel Superior e Institutos.<\/li><li>Charlas Participativas:<\/li><li>Proceso Vocacional<\/li><li>Tutor\u00eda Motivacional<\/li><li>Investigaci\u00f3n en el nivel superior<\/li><li>Entrevista Laboral<\/li><li>Ingreso a la Educaci\u00f3n Superior<\/li><li>Producci\u00f3n de C.V.<\/li><li>Ganadores de las Olimp\u00edadas del Conocimiento 2021.<\/li><li>INTA.<\/li><li>Muestras en vivo.<\/li><li>Visitas guiadas e interactivas a Museos.<\/li><li>Museo de Cs. Naturales de la FCyT<\/li><li>Museo de Historia Natural Pablo Lorentz<\/li><li>Museo Evocativo del Colegio J. J. Urquiza<\/li><li>Exhibici\u00f3n de proyectos de la Escuela de Adultos.<\/li><li>Participaci\u00f3n de \u00abLa Agroindustria Va a la Escuela\u00bb.<\/li><li>Exhibici\u00f3n de proyectos que trabajan durante el a\u00f1o en los diferentes cursos que se desarrollan en las escuelas.<\/li><\/ul>\n","protected":false},"excerpt":{"rendered":"<p>Este viernes 19 de Noviembre en doble turno se realizar\u00e1 la Feria de Carreras en la Plaza Ram\u00edrez de Concepci\u00f3n del Uruguay. En ella se brindar\u00e1n charlas, exhibiciones, producciones, muestras y visitas, en las que participar\u00e1n las universidades, escuelas e institutos de La Hist\u00f3rica. El listado de actividades que se desarrollar\u00e1n en los horarios de [&hellip;]<\/p>\n","protected":false},"author":3,"featured_media":3590,"comment_status":"open","ping_status":"open","sticky":false,"template":"","format":"standard","meta":{"_jetpack_memberships_contains_paid_content":false,"footnotes":"","jetpack_publicize_message":"","jetpack_publicize_feature_enabled":true,"jetpack_social_post_already_shared":true,"jetpack_social_options":{"image_generator_settings":{"template":"highway","default_image_id":0,"enabled":false},"version":2}},"categories":[176],"tags":[60,331,287,1093],"class_list":["post-3589","post","type-post","status-publish","format-standard","has-post-thumbnail","hentry","category-educacion","tag-60","tag-concepcion-del-uruguay","tag-educacion","tag-feria-de-las-carreras"],"jetpack_publicize_connections":[],"jetpack_featured_media_url":"https:\/\/3260.com.ar\/web\/wp-content\/uploads\/2021\/11\/feria-de-las-carreras-21.gif","jetpack_sharing_enabled":true,"_links":{"self":[{"href":"https:\/\/3260.com.ar\/web\/wp-json\/wp\/v2\/posts\/3589","targetHints":{"allow":["GET"]}}],"collection":[{"href":"https:\/\/3260.com.ar\/web\/wp-json\/wp\/v2\/posts"}],"about":[{"href":"https:\/\/3260.com.ar\/web\/wp-json\/wp\/v2\/types\/post"}],"author":[{"embeddable":true,"href":"https:\/\/3260.com.ar\/web\/wp-json\/wp\/v2\/users\/3"}],"replies":[{"embeddable":true,"href":"https:\/\/3260.com.ar\/web\/wp-json\/wp\/v2\/comments?post=3589"}],"version-history":[{"count":0,"href":"https:\/\/3260.com.ar\/web\/wp-json\/wp\/v2\/posts\/3589\/revisions"}],"wp:featuredmedia":[{"embeddable":true,"href":"https:\/\/3260.com.ar\/web\/wp-json\/wp\/v2\/media\/3590"}],"wp:attachment":[{"href":"https:\/\/3260.com.ar\/web\/wp-json\/wp\/v2\/media?parent=3589"}],"wp:term":[{"taxonomy":"category","embeddable":true,"href":"https:\/\/3260.com.ar\/web\/wp-json\/wp\/v2\/categories?post=3589"},{"taxonomy":"post_tag","embeddable":true,"href":"https:\/\/3260.com.ar\/web\/wp-json\/wp\/v2\/tags?post=3589"}],"curies":[{"name":"wp","href":"https:\/\/api.w.org\/{rel}","templated":true}]}}