{"id":3632,"date":"2021-11-29T23:01:52","date_gmt":"2021-11-29T23:01:52","guid":{"rendered":"http:\/\/3260.com.ar\/web\/?p=3632"},"modified":"2021-11-29T23:01:56","modified_gmt":"2021-11-29T23:01:56","slug":"cdu-inscriben-para-las-actividades-recreativas-de-verano","status":"publish","type":"post","link":"https:\/\/3260.com.ar\/web\/cdu-inscriben-para-las-actividades-recreativas-de-verano\/","title":{"rendered":"CDU: Inscriben para las actividades recreativas de verano"},"content":{"rendered":"\n<p>Como cada a\u00f1o, la Municipalidad de Concepci\u00f3n del Uruguay brindar\u00e1 el servicio de <strong>Actividades Recreativas de Verano para ni\u00f1os de 3 a 5 a\u00f1os<\/strong>. Comenzar\u00e1n el 10 de enero y se realizar\u00e1n en los Centros Municipales de la Ni\u00f1ez Sirir\u00ed (Bv. D\u00edaz V\u00e9lez 329) y Mi Casita (Bv. D\u00edaz V\u00e9lez y Don Bosco).<\/p>\n\n\n\n<p>La Direcci\u00f3n de Educaci\u00f3n inform\u00f3 que pueden inscribirse tanto ni\u00f1os y ni\u00f1as que asisten a tales Centros, como cualquiera que desee formar parte de las actividades recreativas. La inscripci\u00f3n se realiza en tales Centros, de 8 a 13 horas.<\/p>\n\n\n\n<p>Es necesario presentar: fotocopia del DNI de ni\u00f1o\/a y tutor\/a, CUIL de ambos, carnet de vacunaci\u00f3n y certificado de buena salud (al momento de comenzar las actividades).<\/p>\n\n\n\n<p>La directora, Marisa D\u00edaz, detall\u00f3 que se brindar\u00e1 desayuno y almuerzo durante todas las jornadas, que incluir\u00e1n actividades est\u00e9tico-expresivas y juegos con agua. Estar\u00e1n a cargo de docentes de nivel inicial y de educaci\u00f3n f\u00edsica, junto a auxiliares de los Centros de Ni\u00f1ez.<\/p>\n\n\n\n<h4 class=\"wp-block-heading\"><strong>Tambi\u00e9n en el CEF<\/strong>.<\/h4>\n\n\n\n<p>Dada la cercan\u00eda, ni\u00f1os y ni\u00f1as del Centro de Ni\u00f1ez Tortuguitas podr\u00e1n asistir a las actividades que se realizar\u00e1n en el Centro de Educaci\u00f3n F\u00edsica. Los interesados deber\u00e1n concurrir a las oficinas del CEF para m\u00e1s informaci\u00f3n y poder inscribirse.\u00a0<\/p>\n\n\n\n<p class=\"has-text-align-right\" style=\"font-size:14px\">Fuente: Municipalidad de Concepci\u00f3n del Uruguay.<\/p>\n","protected":false},"excerpt":{"rendered":"<p>Como cada a\u00f1o, la Municipalidad de Concepci\u00f3n del Uruguay brindar\u00e1 el servicio de Actividades Recreativas de Verano para ni\u00f1os de 3 a 5 a\u00f1os. Comenzar\u00e1n el 10 de enero y se realizar\u00e1n en los Centros Municipales de la Ni\u00f1ez Sirir\u00ed (Bv. D\u00edaz V\u00e9lez 329) y Mi Casita (Bv. D\u00edaz V\u00e9lez y Don Bosco). La Direcci\u00f3n [&hellip;]<\/p>\n","protected":false},"author":3,"featured_media":3633,"comment_status":"open","ping_status":"open","sticky":false,"template":"","format":"standard","meta":{"_jetpack_memberships_contains_paid_content":false,"footnotes":"","jetpack_publicize_message":"","jetpack_publicize_feature_enabled":true,"jetpack_social_post_already_shared":true,"jetpack_social_options":{"image_generator_settings":{"template":"highway","default_image_id":0,"enabled":false},"version":2}},"categories":[173],"tags":[60,331],"class_list":["post-3632","post","type-post","status-publish","format-standard","has-post-thumbnail","hentry","category-deportes","tag-60","tag-concepcion-del-uruguay"],"jetpack_publicize_connections":[],"jetpack_featured_media_url":"https:\/\/3260.com.ar\/web\/wp-content\/uploads\/2021\/11\/actividades-recreativas.gif","jetpack_sharing_enabled":true,"_links":{"self":[{"href":"https:\/\/3260.com.ar\/web\/wp-json\/wp\/v2\/posts\/3632","targetHints":{"allow":["GET"]}}],"collection":[{"href":"https:\/\/3260.com.ar\/web\/wp-json\/wp\/v2\/posts"}],"about":[{"href":"https:\/\/3260.com.ar\/web\/wp-json\/wp\/v2\/types\/post"}],"author":[{"embeddable":true,"href":"https:\/\/3260.com.ar\/web\/wp-json\/wp\/v2\/users\/3"}],"replies":[{"embeddable":true,"href":"https:\/\/3260.com.ar\/web\/wp-json\/wp\/v2\/comments?post=3632"}],"version-history":[{"count":0,"href":"https:\/\/3260.com.ar\/web\/wp-json\/wp\/v2\/posts\/3632\/revisions"}],"wp:featuredmedia":[{"embeddable":true,"href":"https:\/\/3260.com.ar\/web\/wp-json\/wp\/v2\/media\/3633"}],"wp:attachment":[{"href":"https:\/\/3260.com.ar\/web\/wp-json\/wp\/v2\/media?parent=3632"}],"wp:term":[{"taxonomy":"category","embeddable":true,"href":"https:\/\/3260.com.ar\/web\/wp-json\/wp\/v2\/categories?post=3632"},{"taxonomy":"post_tag","embeddable":true,"href":"https:\/\/3260.com.ar\/web\/wp-json\/wp\/v2\/tags?post=3632"}],"curies":[{"name":"wp","href":"https:\/\/api.w.org\/{rel}","templated":true}]}}