{"id":3886,"date":"2022-02-10T18:45:56","date_gmt":"2022-02-10T21:45:56","guid":{"rendered":"https:\/\/3260.com.ar\/web\/?p=3886"},"modified":"2022-02-10T18:46:01","modified_gmt":"2022-02-10T21:46:01","slug":"rosario-del-tala-recibe-una-nueva-edicion-de-plaza-encendida","status":"publish","type":"post","link":"https:\/\/3260.com.ar\/web\/rosario-del-tala-recibe-una-nueva-edicion-de-plaza-encendida\/","title":{"rendered":"Rosario del Tala recibe una nueva edici\u00f3n de Plaza Encendida"},"content":{"rendered":"\n<p>Este <strong>viernes 11 de febrero a partir de las 19 h<\/strong>s se realizar\u00e1 una nueva edici\u00f3n de Plaza Encendida en la ciudad de Rosario del Tala. Se trata de una iniciativa de la Secretar\u00eda de Cultura de la Provincia. La actividad es gratuita y para toda la familia.<\/p>\n\n\n\n<p>Durante el verano y junto a diferentes municipios, comunas y juntas de gobierno, la Secretar\u00eda de Cultura de Entre R\u00edos ofrece espect\u00e1culos y actividades al aire libre. La iniciativa incluye el trabajo de distintos trabajadores de la cultura entrerriana que despliegan todo su arte en las Plazas Encendidas, reencontr\u00e1ndose con los p\u00fablicos.<\/p>\n\n\n\n<p>En Plaza Encendida se pueden recorrer ferias, disfrutar de animaciones y actividades para chicos. La promoci\u00f3n de la lectura con el Bibliom\u00f3vil es otro punto importante de la jornada y siempre est\u00e1 acompa\u00f1ada de un escenario con m\u00fasica en vivo. Adem\u00e1s se realiza una funci\u00f3n de cine en el cierre.<\/p>\n\n\n\n<p>La agenda de actividades se encuentra enmarcada en el Proyecto Cultura Encendida que se despliega por el territorio con acceso libre y gratuito.<br>Cabe destacar que ya se realizaron encuentros de Plaza Encendida en Santa Elena y Santa Anita que contaron con gran participaci\u00f3n de p\u00fablico.<\/p>\n\n\n\n<h4 class=\"wp-block-heading\">Este viernes.<\/h4>\n\n\n\n<p>El nuevo encuentro ser\u00e1 este viernes 11 de febrero en el predio El Barbero del Centro Cultural y Recreativo Bicentenario de Rosario del Tala. La actividad comenzar\u00e1 a las 19hs y contar\u00e1 con la participaci\u00f3n de las payasas Rosita y Gar\u00faa.<\/p>\n\n\n\n<p>Hugo y Celestino Mena brindar\u00e1n a todos los presentes un espect\u00e1culo de m\u00fasica en vivo. Seguidamente se presentar\u00e1 el grupo Cumbia con base. Para finalizar la jornada, habr\u00e1 una funci\u00f3n de cine a cargo del Instituto Audiovisual de Entre R\u00edos.<\/p>\n\n\n\n<h4 class=\"wp-block-heading\">Para disfrutar de manera cuidada.<\/h4>\n\n\n\n<p>En referencia a los cuidados y medidas sanitarias de prevenci\u00f3n, se recuerda que en los eventos de m\u00e1s de 1.000 asistentes, se solicita Pase Sanitario o el Carnet de Vacunaci\u00f3n actualizado. En todos los casos, se pide a las y los asistentes respetar el uso de tapabocas y mantener distancia en espacios cerrados.<\/p>\n\n\n\n<p class=\"has-text-align-right\" style=\"font-size:14px\">Fuente: Secretar\u00eda de Comunicaci\u00f3n de Entre R\u00edos.<\/p>\n","protected":false},"excerpt":{"rendered":"<p>Este viernes 11 de febrero a partir de las 19 hs se realizar\u00e1 una nueva edici\u00f3n de Plaza Encendida en la ciudad de Rosario del Tala. Se trata de una iniciativa de la Secretar\u00eda de Cultura de la Provincia. La actividad es gratuita y para toda la familia. Durante el verano y junto a diferentes [&hellip;]<\/p>\n","protected":false},"author":3,"featured_media":3887,"comment_status":"open","ping_status":"open","sticky":false,"template":"","format":"standard","meta":{"_jetpack_memberships_contains_paid_content":false,"footnotes":"","jetpack_publicize_message":"","jetpack_publicize_feature_enabled":true,"jetpack_social_post_already_shared":true,"jetpack_social_options":{"image_generator_settings":{"template":"highway","default_image_id":0,"enabled":false},"version":2}},"categories":[174],"tags":[60,1142,1141],"class_list":["post-3886","post","type-post","status-publish","format-standard","has-post-thumbnail","hentry","category-cultura","tag-60","tag-plaza-encendida","tag-rosario-del-tala"],"jetpack_publicize_connections":[],"jetpack_featured_media_url":"https:\/\/3260.com.ar\/web\/wp-content\/uploads\/2022\/02\/plaza-encendida.gif","jetpack_sharing_enabled":true,"_links":{"self":[{"href":"https:\/\/3260.com.ar\/web\/wp-json\/wp\/v2\/posts\/3886","targetHints":{"allow":["GET"]}}],"collection":[{"href":"https:\/\/3260.com.ar\/web\/wp-json\/wp\/v2\/posts"}],"about":[{"href":"https:\/\/3260.com.ar\/web\/wp-json\/wp\/v2\/types\/post"}],"author":[{"embeddable":true,"href":"https:\/\/3260.com.ar\/web\/wp-json\/wp\/v2\/users\/3"}],"replies":[{"embeddable":true,"href":"https:\/\/3260.com.ar\/web\/wp-json\/wp\/v2\/comments?post=3886"}],"version-history":[{"count":0,"href":"https:\/\/3260.com.ar\/web\/wp-json\/wp\/v2\/posts\/3886\/revisions"}],"wp:featuredmedia":[{"embeddable":true,"href":"https:\/\/3260.com.ar\/web\/wp-json\/wp\/v2\/media\/3887"}],"wp:attachment":[{"href":"https:\/\/3260.com.ar\/web\/wp-json\/wp\/v2\/media?parent=3886"}],"wp:term":[{"taxonomy":"category","embeddable":true,"href":"https:\/\/3260.com.ar\/web\/wp-json\/wp\/v2\/categories?post=3886"},{"taxonomy":"post_tag","embeddable":true,"href":"https:\/\/3260.com.ar\/web\/wp-json\/wp\/v2\/tags?post=3886"}],"curies":[{"name":"wp","href":"https:\/\/api.w.org\/{rel}","templated":true}]}}