{"id":3959,"date":"2022-02-27T06:38:00","date_gmt":"2022-02-27T09:38:00","guid":{"rendered":"https:\/\/3260.com.ar\/web\/?p=3959"},"modified":"2022-03-24T10:19:27","modified_gmt":"2022-03-24T13:19:27","slug":"se-inicio-en-toda-la-provincia-en-programa-aleer-alfabetizacion-lectura-y-escritura","status":"publish","type":"post","link":"https:\/\/3260.com.ar\/web\/se-inicio-en-toda-la-provincia-en-programa-aleer-alfabetizacion-lectura-y-escritura\/","title":{"rendered":"Se inici\u00f3 en toda la provincia el programa \u201cAleer Alfabetizaci\u00f3n, lectura y escritura\u201d"},"content":{"rendered":"\n<p>Previo al inicio del ciclo lectivo 2022, el Consejo General de Educaci\u00f3n (CGE) a trav\u00e9s de la Direcci\u00f3n de Educaci\u00f3n Primaria (DEP), llev\u00f3 adelante los primeros encuentros del programa <strong>Aleer Alfabetizaci\u00f3n, lectura y escritura Entre R\u00edos<\/strong> en todo el territorio provincial.<\/p>\n\n\n\n<p>Aleer se enmarca dentro de un enfoque equilibrado de ense\u00f1anza, que aborda los componentes del proceso de alfabetizaci\u00f3n, el dominio del sistema de escritura y el trabajo con textos orales y escritos. Adem\u00e1s sugiere c\u00f3mo trabajar con cada uno de ellos y c\u00f3mo articularlos.<\/p>\n\n\n\n<p>Alcanzar\u00e1 a 320 escuelas primarias de primera, segunda y tercera categor\u00edas y abarcar\u00e1 a 30.600 estudiantes de primer y segundo grados de la escuela primaria.<\/p>\n\n\n\n<p>La iniciativa se extendi\u00f3 en toda la provincia: Paran\u00e1, La Paz, Federal, Feliciano, Villaguay, San Salvador, Diamante, Victoria, Gualeguay, Islas del Ibicuy, Nogoy\u00e1, Tala, Gualeguaych\u00fa, Concordia, Federaci\u00f3n, Col\u00f3n y Uruguay.<\/p>\n\n\n\n<p class=\"has-text-align-right\" style=\"font-size:14px\">Fuente: Secretar\u00eda de Comunicaci\u00f3n de Entre R\u00edos.<\/p>\n","protected":false},"excerpt":{"rendered":"<p>Previo al inicio del ciclo lectivo 2022, el Consejo General de Educaci\u00f3n (CGE) a trav\u00e9s de la Direcci\u00f3n de Educaci\u00f3n Primaria (DEP), llev\u00f3 adelante los primeros encuentros del programa Aleer Alfabetizaci\u00f3n, lectura y escritura Entre R\u00edos en todo el territorio provincial. Aleer se enmarca dentro de un enfoque equilibrado de ense\u00f1anza, que aborda los componentes [&hellip;]<\/p>\n","protected":false},"author":3,"featured_media":3960,"comment_status":"open","ping_status":"open","sticky":false,"template":"","format":"standard","meta":{"_jetpack_memberships_contains_paid_content":false,"footnotes":"","jetpack_publicize_message":"","jetpack_publicize_feature_enabled":true,"jetpack_social_post_already_shared":true,"jetpack_social_options":{"image_generator_settings":{"template":"highway","default_image_id":0,"enabled":false},"version":2}},"categories":[176],"tags":[60,1159,783],"class_list":["post-3959","post","type-post","status-publish","format-standard","has-post-thumbnail","hentry","category-educacion","tag-60","tag-aleer","tag-cge"],"jetpack_publicize_connections":[],"jetpack_featured_media_url":"https:\/\/3260.com.ar\/web\/wp-content\/uploads\/2022\/02\/x_1645803629.jpg","jetpack_sharing_enabled":true,"_links":{"self":[{"href":"https:\/\/3260.com.ar\/web\/wp-json\/wp\/v2\/posts\/3959","targetHints":{"allow":["GET"]}}],"collection":[{"href":"https:\/\/3260.com.ar\/web\/wp-json\/wp\/v2\/posts"}],"about":[{"href":"https:\/\/3260.com.ar\/web\/wp-json\/wp\/v2\/types\/post"}],"author":[{"embeddable":true,"href":"https:\/\/3260.com.ar\/web\/wp-json\/wp\/v2\/users\/3"}],"replies":[{"embeddable":true,"href":"https:\/\/3260.com.ar\/web\/wp-json\/wp\/v2\/comments?post=3959"}],"version-history":[{"count":0,"href":"https:\/\/3260.com.ar\/web\/wp-json\/wp\/v2\/posts\/3959\/revisions"}],"wp:featuredmedia":[{"embeddable":true,"href":"https:\/\/3260.com.ar\/web\/wp-json\/wp\/v2\/media\/3960"}],"wp:attachment":[{"href":"https:\/\/3260.com.ar\/web\/wp-json\/wp\/v2\/media?parent=3959"}],"wp:term":[{"taxonomy":"category","embeddable":true,"href":"https:\/\/3260.com.ar\/web\/wp-json\/wp\/v2\/categories?post=3959"},{"taxonomy":"post_tag","embeddable":true,"href":"https:\/\/3260.com.ar\/web\/wp-json\/wp\/v2\/tags?post=3959"}],"curies":[{"name":"wp","href":"https:\/\/api.w.org\/{rel}","templated":true}]}}