{"id":4027,"date":"2022-03-19T09:05:36","date_gmt":"2022-03-19T12:05:36","guid":{"rendered":"https:\/\/3260.com.ar\/web\/?p=4027"},"modified":"2022-03-19T09:07:31","modified_gmt":"2022-03-19T12:07:31","slug":"concepcion-del-uruguay-se-realizara-un-debate-publico-sobre-el-proyecto-paso-vera-norte","status":"publish","type":"post","link":"https:\/\/3260.com.ar\/web\/concepcion-del-uruguay-se-realizara-un-debate-publico-sobre-el-proyecto-paso-vera-norte\/","title":{"rendered":"Concepci\u00f3n del Uruguay: se realizar\u00e1 un debate p\u00fablico sobre el Proyecto \u201cPaso Vera\u00a0 Norte\u201d"},"content":{"rendered":"\n<p>El pr\u00f3ximo <strong>lunes 21 de Marzo<\/strong>, de 17 a 20 horas en el CeCaT de Concepci\u00f3n del Uruguay, se realizar\u00e1 un primer encuentro para la elaboraci\u00f3n de manera participativa y colectiva del proyecto denominado \u201cPaso Vera&nbsp; Norte\u201d.<\/p>\n\n\n\n<p>Dicha zona geogr\u00e1fica fue recuperada meses atr\u00e1s por el Municipio de La Hist\u00f3rica como parte de la democratizaci\u00f3n del acceso al espacio p\u00fablico, de regeneraci\u00f3n y conservaci\u00f3n ambiental, y de actividad tur\u00edstica.<\/p>\n\n\n\n<p>En esta reuni\u00f3n los equipos municipales de gesti\u00f3n <strong>presentar\u00e1n el estado de situaci\u00f3n<\/strong> sobre la recuperaci\u00f3n de \u00e1reas naturales, <strong>el trabajo realizado<\/strong> en el mencionado sector y <strong>las ideas para su recuperaci\u00f3n<\/strong>, informaron desde el \u00e1rea de Prensa uruguayense.<\/p>\n\n\n\n<p>A partir de all\u00ed, explicaron, se propiciar\u00e1 un \u00e1mbito de escucha y construcci\u00f3n colectiva con formato de taller para integrar informaci\u00f3n, criterios, conocimiento, opiniones, aportes y propuestas que surjan de la comunidad.<\/p>\n\n\n\n<p>La convocatoria est\u00e1 abierta a organizaciones ambientalistas, prestadores de servicios tur\u00edsticos, representantes de los sectores educativo y acad\u00e9mico, organizaciones comunitarias y a toda persona interesada en el desarrollo sostenible de Concepci\u00f3n del Uruguay.<\/p>\n\n\n\n<h4 class=\"wp-block-heading\">Testimonio.<\/h4>\n\n\n\n<p>En di\u00e1logo con la radio <a rel=\"noreferrer noopener\" href=\"https:\/\/www.facebook.com\/RadioLT11\" target=\"_blank\">LT11 \u201cGral. Ram\u00edrez\u201d<\/a>, la Directora de Turismo de Concepci\u00f3n del Uruguay, Mar\u00eda Laura Saad, aclar\u00f3 que tal invitaci\u00f3n buscar\u00e1 empezar a conocer \u201c<strong>de qu\u00e9 manera intervenir en ese espacio<\/strong>, donde se encuentran senderos que s\u00f3lo se puede acceder caminando o en bicicleta\u201d.<\/p>\n\n\n\n<p>Adem\u00e1s, Saad inform\u00f3 que en pocos d\u00edas \u201cse estar\u00e1 lanzando una encuesta digital para toda la comunidad, a trav\u00e9s de la que pretenderemos escuchar y ver qu\u00e9 quiere la sociedad\u201d.<\/p>\n","protected":false},"excerpt":{"rendered":"<p>El pr\u00f3ximo lunes 21 de Marzo, de 17 a 20 horas en el CeCaT de Concepci\u00f3n del Uruguay, se realizar\u00e1 un primer encuentro para la elaboraci\u00f3n de manera participativa y colectiva del proyecto denominado \u201cPaso Vera&nbsp; Norte\u201d. Dicha zona geogr\u00e1fica fue recuperada meses atr\u00e1s por el Municipio de La Hist\u00f3rica como parte de la democratizaci\u00f3n [&hellip;]<\/p>\n","protected":false},"author":3,"featured_media":1550,"comment_status":"open","ping_status":"open","sticky":false,"template":"","format":"standard","meta":{"_jetpack_memberships_contains_paid_content":false,"footnotes":"","jetpack_publicize_message":"","jetpack_publicize_feature_enabled":true,"jetpack_social_post_already_shared":true,"jetpack_social_options":{"image_generator_settings":{"template":"highway","default_image_id":0,"enabled":false},"version":2}},"categories":[175],"tags":[60,1176,1175],"class_list":["post-4027","post","type-post","status-publish","format-standard","has-post-thumbnail","hentry","category-turismo","tag-60","tag-debate","tag-paso-vera-norte"],"jetpack_publicize_connections":[],"jetpack_featured_media_url":"https:\/\/3260.com.ar\/web\/wp-content\/uploads\/2020\/10\/paso-vera.gif","jetpack_sharing_enabled":true,"_links":{"self":[{"href":"https:\/\/3260.com.ar\/web\/wp-json\/wp\/v2\/posts\/4027","targetHints":{"allow":["GET"]}}],"collection":[{"href":"https:\/\/3260.com.ar\/web\/wp-json\/wp\/v2\/posts"}],"about":[{"href":"https:\/\/3260.com.ar\/web\/wp-json\/wp\/v2\/types\/post"}],"author":[{"embeddable":true,"href":"https:\/\/3260.com.ar\/web\/wp-json\/wp\/v2\/users\/3"}],"replies":[{"embeddable":true,"href":"https:\/\/3260.com.ar\/web\/wp-json\/wp\/v2\/comments?post=4027"}],"version-history":[{"count":0,"href":"https:\/\/3260.com.ar\/web\/wp-json\/wp\/v2\/posts\/4027\/revisions"}],"wp:featuredmedia":[{"embeddable":true,"href":"https:\/\/3260.com.ar\/web\/wp-json\/wp\/v2\/media\/1550"}],"wp:attachment":[{"href":"https:\/\/3260.com.ar\/web\/wp-json\/wp\/v2\/media?parent=4027"}],"wp:term":[{"taxonomy":"category","embeddable":true,"href":"https:\/\/3260.com.ar\/web\/wp-json\/wp\/v2\/categories?post=4027"},{"taxonomy":"post_tag","embeddable":true,"href":"https:\/\/3260.com.ar\/web\/wp-json\/wp\/v2\/tags?post=4027"}],"curies":[{"name":"wp","href":"https:\/\/api.w.org\/{rel}","templated":true}]}}