{"id":4094,"date":"2022-04-14T10:19:00","date_gmt":"2022-04-14T13:19:00","guid":{"rendered":"https:\/\/3260.com.ar\/web\/?p=4094"},"modified":"2022-04-13T20:22:52","modified_gmt":"2022-04-13T23:22:52","slug":"regresan-las-escenificaciones-teatrales-de-la-villa-a-concepcion","status":"publish","type":"post","link":"https:\/\/3260.com.ar\/web\/regresan-las-escenificaciones-teatrales-de-la-villa-a-concepcion\/","title":{"rendered":"Regresan las \u201cEscenificaciones Teatrales de la Villa\u201d a Concepci\u00f3n"},"content":{"rendered":"\n<p>La rica historia de Concepci\u00f3n del Uruguay ser\u00e1 presentada nuevamente en las tradicionales \u201cEscenificaciones Teatrales de la Villa\u201d. Ser\u00e1 <strong>este s\u00e1bado desde las 21 con entrada libre y gratuita<\/strong> partiendo desde el Colegio del Uruguay Justo Jos\u00e9 de Urquiza.<\/p>\n\n\n\n<p>All\u00ed se dar\u00e1n cita las y los actores para comenzar con el desarrollo de la primera parte, en el que se narra la \u00e9poca de Oro del\u00a0<strong>Hist\u00f3rico Colegio<\/strong>\u00a0bajo la rector\u00eda de Alberto Larroque. El encantador patio nuevamente se vestir\u00e1 de gala para recibir a propios y a visitantes que elegir\u00e1n a Concepci\u00f3n como punto de descanso durante esta Semana Santa.<\/p>\n\n\n\n<p>La historia se desarrolla en cuatro partes bajo la Direcci\u00f3n de H\u00e9ctor Ferrari; partiendo desde el Colegio. Luego de este primer cap\u00edtulo, la masa de personas se trasladar\u00e1 hasta la sede de la Casa de Urquiza sobre calle Galarza, donde all\u00ed transcurrir\u00e1n dos escenas vinculadas al asesinato del Gral. Justo Jos\u00e9 de Urquiza, donde las y los actores recrear\u00e1n los \u00faltimos d\u00edas de la vida del caudillo entrerriano, gener\u00e1ndose por momentos, tensi\u00f3n, emociones, sorpresas propias del arte del teatro que captar\u00e1 a\u00fan m\u00e1s la atenci\u00f3n de las y los espectadores.<\/p>\n\n\n\n<p>Durante el recorrido, se apreciar\u00e1n entre otras cosas, una importante puesta en escena atra\u00edda por la vestimenta y el maquillaje de quienes interpretan los distintos papeles y roles de una \u00e9poca trascendental en la historia local y regional.<\/p>\n\n\n\n<p>Desde all\u00ed, la muchedumbre ser\u00e1 guiada por calle Galarza hasta el Museo municipal Casa de Delio Panizza, donde los patios se engalanar\u00e1n para recibir a dos mujeres que tuvieron una gran participaci\u00f3n en la vida amorosa del Gral. Francisco Ram\u00edrez: Norberta Calvento y La Delfina.<\/p>\n\n\n\n<p>Amor y sufrimiento; fidelidad y pol\u00edtica, se entrecruzar\u00e1n en este episodio que se desarrolla bajo un manto de emociones sentimentales, transcriptas en las p\u00e1ginas de diversos historiadores que encontraron en estas mujeres, el car\u00e1cter propio de las almas que rodearon con tes\u00f3n y valent\u00eda al Gral. Francisco Ram\u00edrez; qui\u00e9n en la \u00faltima parte de la noche, se encontrar\u00e1 en el centro de Plaza Ram\u00edrez, al pie de la pir\u00e1mide; con el Gral. Urquiza, intercambiando opiniones sobre la pol\u00edtica de entonces.<\/p>\n\n\n\n<p>Las traiciones y las visiones de ambos caudillos federales ser\u00e1n expuestas en los di\u00e1logos de ambos. Visiones, que el revisionismo hist\u00f3rico y pol\u00edtico actual ponen de relieve en la historia argentina, para colocar sobre el tapete, una tradici\u00f3n oculta, callada, que ubica a Concepci\u00f3n del Uruguay, como la cuna de la organizaci\u00f3n nacional.<\/p>\n\n\n\n<p>Sin ning\u00fan lugar a dudas, que la historia contada a trav\u00e9s del teatro, con sus atractivos t\u00e9cnicos y presentados en estos escenarios hist\u00f3ricos, permitir\u00e1n acercar a las y los presentes, al pasado lejano con una mirada actual sobre la gran historia de nuestros l\u00edderes que pensaron y fortalecieron la Naci\u00f3n Argentina.<\/p>\n\n\n\n<p class=\"has-text-align-right\" style=\"font-size:14px\">Fuente: Municipalidad de Concepci\u00f3n del Uruguay.<\/p>\n","protected":false},"excerpt":{"rendered":"<p>La rica historia de Concepci\u00f3n del Uruguay ser\u00e1 presentada nuevamente en las tradicionales \u201cEscenificaciones Teatrales de la Villa\u201d. Ser\u00e1 este s\u00e1bado desde las 21 con entrada libre y gratuita partiendo desde el Colegio del Uruguay Justo Jos\u00e9 de Urquiza. All\u00ed se dar\u00e1n cita las y los actores para comenzar con el desarrollo de la primera [&hellip;]<\/p>\n","protected":false},"author":3,"featured_media":4095,"comment_status":"open","ping_status":"open","sticky":false,"template":"","format":"standard","meta":{"_jetpack_memberships_contains_paid_content":false,"footnotes":"","jetpack_publicize_message":"","jetpack_publicize_feature_enabled":true,"jetpack_social_post_already_shared":true,"jetpack_social_options":{"image_generator_settings":{"template":"highway","default_image_id":0,"enabled":false},"version":2}},"categories":[174],"tags":[60,676,224],"class_list":["post-4094","post","type-post","status-publish","format-standard","has-post-thumbnail","hentry","category-cultura","tag-60","tag-historia","tag-teatro"],"jetpack_publicize_connections":[],"jetpack_featured_media_url":"https:\/\/3260.com.ar\/web\/wp-content\/uploads\/2022\/04\/Escenificaciones_Teatrales_12.jpg","jetpack_sharing_enabled":true,"_links":{"self":[{"href":"https:\/\/3260.com.ar\/web\/wp-json\/wp\/v2\/posts\/4094","targetHints":{"allow":["GET"]}}],"collection":[{"href":"https:\/\/3260.com.ar\/web\/wp-json\/wp\/v2\/posts"}],"about":[{"href":"https:\/\/3260.com.ar\/web\/wp-json\/wp\/v2\/types\/post"}],"author":[{"embeddable":true,"href":"https:\/\/3260.com.ar\/web\/wp-json\/wp\/v2\/users\/3"}],"replies":[{"embeddable":true,"href":"https:\/\/3260.com.ar\/web\/wp-json\/wp\/v2\/comments?post=4094"}],"version-history":[{"count":0,"href":"https:\/\/3260.com.ar\/web\/wp-json\/wp\/v2\/posts\/4094\/revisions"}],"wp:featuredmedia":[{"embeddable":true,"href":"https:\/\/3260.com.ar\/web\/wp-json\/wp\/v2\/media\/4095"}],"wp:attachment":[{"href":"https:\/\/3260.com.ar\/web\/wp-json\/wp\/v2\/media?parent=4094"}],"wp:term":[{"taxonomy":"category","embeddable":true,"href":"https:\/\/3260.com.ar\/web\/wp-json\/wp\/v2\/categories?post=4094"},{"taxonomy":"post_tag","embeddable":true,"href":"https:\/\/3260.com.ar\/web\/wp-json\/wp\/v2\/tags?post=4094"}],"curies":[{"name":"wp","href":"https:\/\/api.w.org\/{rel}","templated":true}]}}