{"id":4240,"date":"2022-06-09T20:41:23","date_gmt":"2022-06-09T23:41:23","guid":{"rendered":"https:\/\/3260.com.ar\/web\/?p=4240"},"modified":"2022-06-10T00:14:56","modified_gmt":"2022-06-10T03:14:56","slug":"mano-a-mano-con-enzo-oviedo-futbolista-ex-baterista-y-futuro-padre","status":"publish","type":"post","link":"https:\/\/3260.com.ar\/web\/mano-a-mano-con-enzo-oviedo-futbolista-ex-baterista-y-futuro-padre\/","title":{"rendered":"Mano a mano con Enzo Oviedo: futbolista, ex baterista y futuro padre"},"content":{"rendered":"\n<p>El futbolista de Gimnasia y Esgrima de Concepci\u00f3n del Uruguay, <strong>Enzo Oviedo<\/strong>, visit\u00f3 los estudios de \u201cCdelU Sports\u201d FM 98.9 para brindarse a una entrevista realizada en el programa\u201d 90 minutos Lado B\u201d.<\/p>\n\n\n\n<p>El integrante \u201cmensana\u201d del plantel del Torneo Federal A comenz\u00f3 a describir sus inicios en el f\u00fatbol, indicando que \u201cfueron en el Club Villa Maip\u00fa de Lomas de Zamora , Buenos Aires, donde todo fue diversi\u00f3n con amigos\u2026 hoy extra\u00f1o esa etapa\u201d.<\/p>\n\n\n\n<p>Seg\u00fan relata su padre, la pelota de f\u00fatbol siempre estuvo presente en su vida. \u201c<strong>\u00c9l es mi mayor referente<\/strong> -dijo a los micr\u00f3fonos el orgulloso hijo-, siempre se hizo el tiempo para llevarme y acompa\u00f1arme\u201d.&nbsp;<\/p>\n\n\n\n<p>Enzo continu\u00f3 declarando que \u201cen el Club Lan\u00fas estuve mucho tiempo, hice desde las infantiles hasta la Reserva, donde finalmente me dejaron libre\u201d.<\/p>\n\n\n\n<p>\u201cDebut\u00e9 en primera divisi\u00f3n a los 19 a\u00f1os jugando para Victoriano Arenas -instituci\u00f3n bonaerense que milita hoy en la Primera C- enfrentando al Deportivo Riestra por Copa Argentina\u201d, sigui\u00f3 recordando el protagonista de la entrevista.<\/p>\n\n\n\n<blockquote class=\"wp-block-quote is-layout-flow wp-block-quote-is-layout-flow\"><p>\u201cCuando juego no tengo presi\u00f3n, siento que estoy jugando como cuando era un nene\u201d<\/p><\/blockquote>\n\n\n\n<p>Con respecto a la responsabilidad que tiene defender los colores de un club, Oviedo sintetiz\u00f3: \u201ctrato de disfrutar el partido, no tengo presi\u00f3n, siento que estoy jugando como cuando era un nene\u201d.<\/p>\n\n\n\n<p>Luego, cit\u00f3 a quien fue un referente en su carrera: \u201c<strong>Carlos \u2018Lobo\u2019&nbsp; Cordone fue el DT que me marc\u00f3<\/strong>, de \u00e9l tomo muchas cuestiones que las llevo hoy a la pr\u00e1ctica\u201d.<\/p>\n\n\n\n<p>Adem\u00e1s, confes\u00f3 que tiene como hobbie a la m\u00fasica, indicando que \u201calguna vez con amigos hicimos una banda de rock donde fui el baterista\u201d.<\/p>\n\n\n\n<div class=\"wp-block-image\"><figure class=\"aligncenter size-full is-resized\"><a href=\"https:\/\/3260.com.ar\/web\/wp-content\/uploads\/2022\/06\/42164733_508641439610065_1057589487086862336_n.jpg\"><img loading=\"lazy\" decoding=\"async\" src=\"https:\/\/3260.com.ar\/web\/wp-content\/uploads\/2022\/06\/42164733_508641439610065_1057589487086862336_n.jpg\" alt=\"\" class=\"wp-image-4241\" width=\"387\" height=\"387\" srcset=\"https:\/\/3260.com.ar\/web\/wp-content\/uploads\/2022\/06\/42164733_508641439610065_1057589487086862336_n.jpg 774w, https:\/\/3260.com.ar\/web\/wp-content\/uploads\/2022\/06\/42164733_508641439610065_1057589487086862336_n-300x300.jpg 300w, https:\/\/3260.com.ar\/web\/wp-content\/uploads\/2022\/06\/42164733_508641439610065_1057589487086862336_n-150x150.jpg 150w, https:\/\/3260.com.ar\/web\/wp-content\/uploads\/2022\/06\/42164733_508641439610065_1057589487086862336_n-768x768.jpg 768w, https:\/\/3260.com.ar\/web\/wp-content\/uploads\/2022\/06\/42164733_508641439610065_1057589487086862336_n-80x80.jpg 80w\" sizes=\"auto, (max-width: 387px) 100vw, 387px\" \/><\/a><\/figure><\/div>\n\n\n\n<p>Su ambientaci\u00f3n a Concepci\u00f3n del Uruguay ha sido muy buena. \u201cMi familia est\u00e1 encantada con la ciudad \u2013dijo Enzo- y m\u00e1s ahora, sabiendo que en pocos d\u00edas m\u00e1s nacer\u00e1 nuestra hija con Rayza\u201d.<\/p>\n\n\n\n<p>El resto de la entrevista podr\u00e1s disfrutarlo en el video que acompa\u00f1a esta nota.<\/p>\n","protected":false},"excerpt":{"rendered":"<p>El futbolista de Gimnasia y Esgrima de Concepci\u00f3n del Uruguay, Enzo Oviedo, visit\u00f3 los estudios de \u201cCdelU Sports\u201d FM 98.9 para brindarse a una entrevista realizada en el programa\u201d 90 minutos Lado B\u201d. El integrante \u201cmensana\u201d del plantel del Torneo Federal A comenz\u00f3 a describir sus inicios en el f\u00fatbol, indicando que \u201cfueron en el [&hellip;]<\/p>\n","protected":false},"author":3,"featured_media":4243,"comment_status":"open","ping_status":"open","sticky":false,"template":"","format":"video","meta":{"_jetpack_memberships_contains_paid_content":false,"footnotes":"","jetpack_publicize_message":"","jetpack_publicize_feature_enabled":true,"jetpack_social_post_already_shared":true,"jetpack_social_options":{"image_generator_settings":{"template":"highway","default_image_id":0,"enabled":false},"version":2}},"categories":[173],"tags":[60,1218,801],"class_list":["post-4240","post","type-post","status-publish","format-video","has-post-thumbnail","hentry","category-deportes","tag-60","tag-enzo-oviedo","tag-gimnasia-y-esgrima","post_format-post-format-video"],"jetpack_publicize_connections":[],"jetpack_featured_media_url":"https:\/\/3260.com.ar\/web\/wp-content\/uploads\/2022\/06\/280396956_1069432664000944_4430041798866535804_n.jpg","jetpack_sharing_enabled":true,"_links":{"self":[{"href":"https:\/\/3260.com.ar\/web\/wp-json\/wp\/v2\/posts\/4240","targetHints":{"allow":["GET"]}}],"collection":[{"href":"https:\/\/3260.com.ar\/web\/wp-json\/wp\/v2\/posts"}],"about":[{"href":"https:\/\/3260.com.ar\/web\/wp-json\/wp\/v2\/types\/post"}],"author":[{"embeddable":true,"href":"https:\/\/3260.com.ar\/web\/wp-json\/wp\/v2\/users\/3"}],"replies":[{"embeddable":true,"href":"https:\/\/3260.com.ar\/web\/wp-json\/wp\/v2\/comments?post=4240"}],"version-history":[{"count":0,"href":"https:\/\/3260.com.ar\/web\/wp-json\/wp\/v2\/posts\/4240\/revisions"}],"wp:featuredmedia":[{"embeddable":true,"href":"https:\/\/3260.com.ar\/web\/wp-json\/wp\/v2\/media\/4243"}],"wp:attachment":[{"href":"https:\/\/3260.com.ar\/web\/wp-json\/wp\/v2\/media?parent=4240"}],"wp:term":[{"taxonomy":"category","embeddable":true,"href":"https:\/\/3260.com.ar\/web\/wp-json\/wp\/v2\/categories?post=4240"},{"taxonomy":"post_tag","embeddable":true,"href":"https:\/\/3260.com.ar\/web\/wp-json\/wp\/v2\/tags?post=4240"}],"curies":[{"name":"wp","href":"https:\/\/api.w.org\/{rel}","templated":true}]}}