{"id":4449,"date":"2022-08-09T17:54:23","date_gmt":"2022-08-09T20:54:23","guid":{"rendered":"https:\/\/3260.com.ar\/web\/?p=4449"},"modified":"2022-08-09T18:49:49","modified_gmt":"2022-08-09T21:49:49","slug":"futbol-copa-cuna-de-la-organizacion-nacional","status":"publish","type":"post","link":"https:\/\/3260.com.ar\/web\/futbol-copa-cuna-de-la-organizacion-nacional\/","title":{"rendered":"F\u00fatbol: \u00abCopa CUNA DE LA ORGANIZACI\u00d3N NACIONAL\u00bb"},"content":{"rendered":"\n<p>En la sede de la casa liguista, los periodistas Ariel Besel y Alberto Castillo (radio FM 98.9 CDELU SPORTS) entrevistaron al Dr Facundo Garmendia en su car\u00e1cter de Presidente de la Liga de F\u00fatbol de Concepci\u00f3n del Uruguay.<\/p>\n\n\n\n<p>El principal anuncio es la realizaci\u00f3n de la primera edici\u00f3n de la \u00abCopa CUNA DE LA ORGANIZACI\u00d3N NACIONAL\u00bb, en la que de alguna manera se traslada el formato de Copa Argentina.<\/p>\n\n\n\n<p>En esta primera edici\u00f3n se medir\u00e1n todos los Clubes de primera divisi\u00f3n, con los equipos y Clubes de la denominada Divisional Promocional inserta dentro de la Liga de f\u00fatbol local.<\/p>\n\n\n\n<p>Es una Copa que se hace en conjunto con la Municipalidad de Concepci\u00f3n del Uruguay, que se ha sumado activamente a la idea.<\/p>\n\n\n\n<p>Es una apuesta in\u00e9dita para la ciudad, la s\u00edntesis de lo charlado se resumen en las siguientes puntualizaciones:<\/p>\n\n\n\n<ul class=\"wp-block-list\"><li>La divisional Promocinal, har\u00e1 un mini torneo donde se eliminar\u00e1n entre s\u00ed hasta que queden SEIS equipos que son los que se fusionar\u00e1n a la Copa con los Clubes &nbsp;de Primera Divisi\u00f3n.<\/li><li>\u201cSe jugar\u00e1n los mi\u00e9rcoles por la noche\u201d, tres partidos por jornada.<\/li><li>Semi finales y final se jugar\u00e1n en Atl\u00e9tico Uruguay o Gimnasia y Esgrima.<\/li><li>En principio el campe\u00f3n tendr\u00e1 adem\u00e1s del t\u00edtulo de Campe\u00f3n, un premio de $ 100.000; El segundo se llevar\u00e1 $ 50.000 y el terero $ 30.000.-<\/li><\/ul>\n\n\n\n<p>En otro orden de cosas Garmendia expres\u00f3 \u201cEsta copa es otra manera de darle competencia, competitividad y buena calidad de campeonato &nbsp;a los equipos liguistas, es la manera de lograr que los jugadores de la ciudad prefieran quedarse en esta liga, sin emigrar fuera de la ciudad.\u201d<\/p>\n\n\n\n<p>\u201cEl tema arbitral es una problem\u00e1tica a nivel pa\u00eds. La idea es abrir la Escuela de \u00e1rbitros en la ciudad\u201d.<\/p>\n\n\n\n<p>Novedades sobre Copa Entre R\u00edos, Torneo Regional Amateur y Super Copa Entre R\u00edos, tambi\u00e8n se abord\u00f3 en la nota que a la que se puede acceder en el siguiente <a href=\"https:\/\/youtu.be\/HnCHGP-f0gI\" target=\"_blank\" rel=\"noreferrer noopener\" title=\"v\u00ednculo\">v\u00ednculo<\/a> .<\/p>\n\n\n\n<p><\/p>\n","protected":false},"excerpt":{"rendered":"<p>En la sede de la casa liguista, los periodistas Ariel Besel y Alberto Castillo (radio FM 98.9 CDELU SPORTS) entrevistaron al Dr Facundo Garmendia en su car\u00e1cter de Presidente de la Liga de F\u00fatbol de Concepci\u00f3n del Uruguay. El principal anuncio es la realizaci\u00f3n de la primera edici\u00f3n de la \u00abCopa CUNA DE LA ORGANIZACI\u00d3N [&hellip;]<\/p>\n","protected":false},"author":3,"featured_media":4450,"comment_status":"open","ping_status":"open","sticky":false,"template":"","format":"standard","meta":{"_jetpack_memberships_contains_paid_content":false,"footnotes":"","jetpack_publicize_message":"","jetpack_publicize_feature_enabled":true,"jetpack_social_post_already_shared":true,"jetpack_social_options":{"image_generator_settings":{"template":"highway","default_image_id":0,"enabled":false},"version":2}},"categories":[173],"tags":[60,901,1210,312,222,1276],"class_list":["post-4449","post","type-post","status-publish","format-standard","has-post-thumbnail","hentry","category-deportes","tag-60","tag-deportes","tag-facundo-garmendia","tag-federacion-entrerriana-de-futbol","tag-futbol","tag-liga-de-concepcion-del-uruguay"],"jetpack_publicize_connections":[],"jetpack_featured_media_url":"https:\/\/3260.com.ar\/web\/wp-content\/uploads\/2022\/08\/Garmendia.jpg","jetpack_sharing_enabled":true,"_links":{"self":[{"href":"https:\/\/3260.com.ar\/web\/wp-json\/wp\/v2\/posts\/4449","targetHints":{"allow":["GET"]}}],"collection":[{"href":"https:\/\/3260.com.ar\/web\/wp-json\/wp\/v2\/posts"}],"about":[{"href":"https:\/\/3260.com.ar\/web\/wp-json\/wp\/v2\/types\/post"}],"author":[{"embeddable":true,"href":"https:\/\/3260.com.ar\/web\/wp-json\/wp\/v2\/users\/3"}],"replies":[{"embeddable":true,"href":"https:\/\/3260.com.ar\/web\/wp-json\/wp\/v2\/comments?post=4449"}],"version-history":[{"count":0,"href":"https:\/\/3260.com.ar\/web\/wp-json\/wp\/v2\/posts\/4449\/revisions"}],"wp:featuredmedia":[{"embeddable":true,"href":"https:\/\/3260.com.ar\/web\/wp-json\/wp\/v2\/media\/4450"}],"wp:attachment":[{"href":"https:\/\/3260.com.ar\/web\/wp-json\/wp\/v2\/media?parent=4449"}],"wp:term":[{"taxonomy":"category","embeddable":true,"href":"https:\/\/3260.com.ar\/web\/wp-json\/wp\/v2\/categories?post=4449"},{"taxonomy":"post_tag","embeddable":true,"href":"https:\/\/3260.com.ar\/web\/wp-json\/wp\/v2\/tags?post=4449"}],"curies":[{"name":"wp","href":"https:\/\/api.w.org\/{rel}","templated":true}]}}