{"id":4670,"date":"2022-09-24T20:45:22","date_gmt":"2022-09-24T23:45:22","guid":{"rendered":"https:\/\/3260.com.ar\/web\/?p=4670"},"modified":"2022-09-24T20:45:25","modified_gmt":"2022-09-24T23:45:25","slug":"minibasquet","status":"publish","type":"post","link":"https:\/\/3260.com.ar\/web\/minibasquet\/","title":{"rendered":"Minibasquet."},"content":{"rendered":"\n<p>El d\u00eda de la primavera y del estudiante fue la excusa perfecta para que el \u201cGigante del Sur\u201d, vale decir el Estadio de basquet del Club Parque Sur, recibiera a delegaciones de peque\u00f1os basquetbolistas de la ciudad.<\/p>\n\n\n\n<p>De manera no competitiva, como se estila a temprana edad en las categor\u00edas formativas del baloncesto se desarroll\u00f3 una jornada de pr\u00e1ctica y demostraci\u00f3n.<\/p>\n\n\n\n<p>Los ni\u00f1os y sus familias vivieron otro encuentro m\u00e1s como las que habitualmente se pueden presenciar con la participaci\u00f3n de clubes que forman parte de la Asociaci\u00f3n Pancho Ramirez, sin dejar de lado a otros que no forman parte de la misma.<\/p>\n\n\n\n<p>Concepci\u00f3n del Uruguay tiene instituciones deportivas que son sede de pr\u00e1ctica y contenci\u00f3n de ni\u00f1os de distintos barrios vinculados a la disciplina aunque no tengan larga historia en el basquet.\u00a0 Por citar algunos casos: Sarmiento, Bajada Grande, Libertad, y hasta localidades vecinas tambi\u00e9n son parte de esta iniciativa como San Justo (Uni\u00f3n y Recreo), Caseros (Juventud).<\/p>\n\n\n\n<p>Son muchos los ni\u00f1os que practican basquet por decisi\u00f3n familiar, considerando cuestiones b\u00e1sicas y que no son detalles para despreciar: aspecto l\u00fadico, iniciaci\u00f3n al deporte con sus fundamentos, normas y valores, adem\u00e1s del respeto a todos quienes practican la disciplina.<\/p>\n\n\n\n<p>En esa senda se trabaja en el basquet infantil y se contin\u00faa de manera sostenida, sumando adhesiones de nuevos jugadores acompa\u00f1ados de sus familias.<\/p>\n","protected":false},"excerpt":{"rendered":"<p>El d\u00eda de la primavera y del estudiante fue la excusa perfecta para que el \u201cGigante del Sur\u201d, vale decir el Estadio de basquet del Club Parque Sur, recibiera a delegaciones de peque\u00f1os basquetbolistas de la ciudad. De manera no competitiva, como se estila a temprana edad en las categor\u00edas formativas del baloncesto se desarroll\u00f3 [&hellip;]<\/p>\n","protected":false},"author":3,"featured_media":4671,"comment_status":"open","ping_status":"open","sticky":false,"template":"","format":"standard","meta":{"_jetpack_memberships_contains_paid_content":false,"footnotes":"","jetpack_publicize_message":"","jetpack_publicize_feature_enabled":true,"jetpack_social_post_already_shared":true,"jetpack_social_options":{"image_generator_settings":{"template":"highway","default_image_id":0,"enabled":false},"version":2}},"categories":[173],"tags":[60,1360,323],"class_list":["post-4670","post","type-post","status-publish","format-standard","has-post-thumbnail","hentry","category-deportes","tag-60","tag-minibasket","tag-parque-sur"],"jetpack_publicize_connections":[],"jetpack_featured_media_url":"https:\/\/3260.com.ar\/web\/wp-content\/uploads\/2022\/09\/Basket-Infantil21set22.jpeg","jetpack_sharing_enabled":true,"_links":{"self":[{"href":"https:\/\/3260.com.ar\/web\/wp-json\/wp\/v2\/posts\/4670","targetHints":{"allow":["GET"]}}],"collection":[{"href":"https:\/\/3260.com.ar\/web\/wp-json\/wp\/v2\/posts"}],"about":[{"href":"https:\/\/3260.com.ar\/web\/wp-json\/wp\/v2\/types\/post"}],"author":[{"embeddable":true,"href":"https:\/\/3260.com.ar\/web\/wp-json\/wp\/v2\/users\/3"}],"replies":[{"embeddable":true,"href":"https:\/\/3260.com.ar\/web\/wp-json\/wp\/v2\/comments?post=4670"}],"version-history":[{"count":0,"href":"https:\/\/3260.com.ar\/web\/wp-json\/wp\/v2\/posts\/4670\/revisions"}],"wp:featuredmedia":[{"embeddable":true,"href":"https:\/\/3260.com.ar\/web\/wp-json\/wp\/v2\/media\/4671"}],"wp:attachment":[{"href":"https:\/\/3260.com.ar\/web\/wp-json\/wp\/v2\/media?parent=4670"}],"wp:term":[{"taxonomy":"category","embeddable":true,"href":"https:\/\/3260.com.ar\/web\/wp-json\/wp\/v2\/categories?post=4670"},{"taxonomy":"post_tag","embeddable":true,"href":"https:\/\/3260.com.ar\/web\/wp-json\/wp\/v2\/tags?post=4670"}],"curies":[{"name":"wp","href":"https:\/\/api.w.org\/{rel}","templated":true}]}}