{"id":4750,"date":"2022-10-14T17:54:03","date_gmt":"2022-10-14T20:54:03","guid":{"rendered":"https:\/\/3260.com.ar\/web\/?p=4750"},"modified":"2022-10-14T18:09:09","modified_gmt":"2022-10-14T21:09:09","slug":"comuna-tala-sistema-de-videovigilancia","status":"publish","type":"post","link":"https:\/\/3260.com.ar\/web\/comuna-tala-sistema-de-videovigilancia\/","title":{"rendered":"Comuna TALA, sistema de videovigilancia."},"content":{"rendered":"\n<p>En la Comisar\u00eda Sauce, jurisdicci\u00f3n de la Comuna Tala, Departamento Uruguay fue sede de la ceremonia de puesta en acci\u00f3n del sistema de videovigilancia.<\/p>\n\n\n\n<p>El Presidente Comunal Horacio C\u00f3rdoba junto a la Ministra de Gobierno de Entre R\u00edos Dra Rosario Romero y el Jefe Departamental de la Polic\u00eda de Entre R\u00edos Comisario Gaillard fueron las autoridades que presidieron el acto, que cont\u00f3 con el acompa\u00f1amiento de otros Presidentes Comunales del Departamento Uruguay as\u00ed como del Intendente de Primero de Mayo.<\/p>\n\n\n\n<p>En su alocuci\u00f3n C\u00f3rdoba agradeci\u00f3 a la Sra Ministro por su presencia y gesti\u00f3n, adem\u00e1s de hacer lo propio con el resto de los visitantes. \u00abEs un honor para nosotros recibir a tan importante personalidad del Gobierno Provincial, que pone en evidencia que gestionando se pueden realizar acciones conjuntas que benefician a nuestros vecinos y en este caso la seguridad que no es una cuesti\u00f3n menor, adem\u00e1s de expresar ya se di\u00f3 comienzo a la mayor obra vial de la regi\u00f3n la construcci\u00f3n del nuevo \u00abPuente El Cinto\u00bb, finalmente invit\u00f3 a la comitiva a recorrer la jurisdicci\u00f3n comunal\u00bb.<\/p>\n\n\n\n<p>Asimismo, la titular de la cartera de Gobierno y Justicia se refiri\u00f3 a la importancia del equipamiento de seguridad y afirm\u00f3: \u201cLas c\u00e1maras tienen un fin fundamentalmente disuasorio, pero cuando el delito ya existi\u00f3 tambi\u00e9n nos ayudan a la investigaci\u00f3n. Por eso, sin dudas las autoridades judiciales revelan como muy importante que las ciudades tengan videovigilancia porque nos piden despu\u00e9s las im\u00e1genes de las c\u00e1maras de seguridad y esto ayuda a esclarecer hechos\u201d.<\/p>\n\n\n\n<p>En el 2020 el Gobierno Provincial defini\u00f3 que el Fondo Provincial de Seguridad (Foprose), constituido por aportes del Instituto de Ayuda Financiera para la Acci\u00f3n Social (IAFAS) sea asignado por el Ministerio de Gobierno y Justicia a los gobiernos locales para ser invertidos en la compra de equipamientos de seguridad y videovigilancia.<\/p>\n\n\n\n<p>Recorrida en el \u00e1mbito de la Comuna Tala: <\/p>\n\n\n\n<p>Luego de la inauguraci\u00f3n, la comitiva se traslad\u00f3 hacia el Club Agrario Rocamora, sede de la Comuna,  donde se plantearon  distintos temas de inter\u00e9s para el futuro inmediato; Asimismo y siguiendo la recorrida se visit\u00f3 el CIC comunal en donde la Dra Romero tom\u00f3 conocimiento de las distintas actividades que all\u00ed se desarrollan, tanto en el <a href=\"https:\/\/www.facebook.com\/profile.php?id=100016613556608&amp;__cft__[0]=AZW69mCry-8x7ojvVHvFLEL9p-tj4aPamevzwrV_0t60FIYZXpqesSV9fpNypiFAinBtLjRzDy9BRAr2cb7g_6O6Ko2CYGyZMc_0_KE4c-dHIg6ywwJnnAl9u5KR4Jd_iRVUc4nH99cfqJF6rmcqqoRY--6Gy5Jpl0QPid4u39PZcB9_ASbXpCfDQ35fopVngLw&amp;__tn__=-]K-R\">Caps Andres Queirolo<\/a> , con la atenci\u00f3n de 6 profesionales de la salud, como tambi\u00e9n de los seis talleres que se llevan a cabo en el S.U.M. <\/p>\n\n\n\n<p>Posteriormente en Colonia El\u00eca, Romero entreg\u00f3 a Comuna Tala  un Subsidio de $300.000 correspondiente al programa construyendo comunidad y de Cascos correspondiente a la campa\u00f1a de Prevenci\u00f3n Vial. <\/p>\n\n\n\n<p><\/p>\n","protected":false},"excerpt":{"rendered":"<p>En la Comisar\u00eda Sauce, jurisdicci\u00f3n de la Comuna Tala, Departamento Uruguay fue sede de la ceremonia de puesta en acci\u00f3n del sistema de videovigilancia. El Presidente Comunal Horacio C\u00f3rdoba junto a la Ministra de Gobierno de Entre R\u00edos Dra Rosario Romero y el Jefe Departamental de la Polic\u00eda de Entre R\u00edos Comisario Gaillard fueron las [&hellip;]<\/p>\n","protected":false},"author":3,"featured_media":4751,"comment_status":"open","ping_status":"open","sticky":false,"template":"","format":"standard","meta":{"_jetpack_memberships_contains_paid_content":false,"footnotes":"","jetpack_publicize_message":"","jetpack_publicize_feature_enabled":true,"jetpack_social_post_already_shared":true,"jetpack_social_options":{"image_generator_settings":{"template":"highway","default_image_id":0,"enabled":false},"version":2}},"categories":[613],"tags":[60,773,1267,1397],"class_list":["post-4750","post","type-post","status-publish","format-standard","has-post-thumbnail","hentry","category-generales","tag-60","tag-comuna-tala","tag-rosario-romero","tag-videovigilancia"],"jetpack_publicize_connections":[],"jetpack_featured_media_url":"https:\/\/3260.com.ar\/web\/wp-content\/uploads\/2022\/10\/Comisaria-Sauce.jpg","jetpack_sharing_enabled":true,"_links":{"self":[{"href":"https:\/\/3260.com.ar\/web\/wp-json\/wp\/v2\/posts\/4750","targetHints":{"allow":["GET"]}}],"collection":[{"href":"https:\/\/3260.com.ar\/web\/wp-json\/wp\/v2\/posts"}],"about":[{"href":"https:\/\/3260.com.ar\/web\/wp-json\/wp\/v2\/types\/post"}],"author":[{"embeddable":true,"href":"https:\/\/3260.com.ar\/web\/wp-json\/wp\/v2\/users\/3"}],"replies":[{"embeddable":true,"href":"https:\/\/3260.com.ar\/web\/wp-json\/wp\/v2\/comments?post=4750"}],"version-history":[{"count":0,"href":"https:\/\/3260.com.ar\/web\/wp-json\/wp\/v2\/posts\/4750\/revisions"}],"wp:featuredmedia":[{"embeddable":true,"href":"https:\/\/3260.com.ar\/web\/wp-json\/wp\/v2\/media\/4751"}],"wp:attachment":[{"href":"https:\/\/3260.com.ar\/web\/wp-json\/wp\/v2\/media?parent=4750"}],"wp:term":[{"taxonomy":"category","embeddable":true,"href":"https:\/\/3260.com.ar\/web\/wp-json\/wp\/v2\/categories?post=4750"},{"taxonomy":"post_tag","embeddable":true,"href":"https:\/\/3260.com.ar\/web\/wp-json\/wp\/v2\/tags?post=4750"}],"curies":[{"name":"wp","href":"https:\/\/api.w.org\/{rel}","templated":true}]}}