{"id":4903,"date":"2022-11-17T00:00:00","date_gmt":"2022-11-17T03:00:00","guid":{"rendered":"https:\/\/3260.com.ar\/web\/?p=4903"},"modified":"2022-11-15T19:38:36","modified_gmt":"2022-11-15T22:38:36","slug":"dia-mundial-de-la-lucha-contra-el-cancer-de-prostata","status":"publish","type":"post","link":"https:\/\/3260.com.ar\/web\/dia-mundial-de-la-lucha-contra-el-cancer-de-prostata\/","title":{"rendered":"D\u00eda mundial de la lucha contra el c\u00e1ncer de pr\u00f3stata."},"content":{"rendered":"\n<p>La Facultad de Ciencia y Tecnolog\u00eda de Concepci\u00f3n del Uruguay, como parte de U.A.D.E.R., invita a concientizar en la prevenci\u00f3n de esta enfermedad.<\/p>\n\n\n\n<p>Este jueves 17 de noviembre te invitamos a sumarte a la campa\u00f1a \u201cNoviembre Azul: D\u00eda Mundial de la Lucha contra el C\u00e1ncer de Pr\u00f3stata\u201d, asistiendo a la Facultad con una prenda o lazo azul.<\/p>\n\n\n\n<p>El noviembre est\u00e1 establecido por la Organizaci\u00f3n Mundial de la Salud como el mes de concientizaci\u00f3n sobre C\u00e1ncer de Pr\u00f3stata, con el objetivo de aumentar la atenci\u00f3n y apoyo a la detecci\u00f3n precoz y tratamiento de esta enfermedad.<\/p>\n\n\n\n<p>La campa\u00f1a est\u00e1 destinada a destacar la importancia del control urol\u00f3gico anual como el mejor m\u00e9todo para prevenir esta patolog\u00eda.<\/p>\n","protected":false},"excerpt":{"rendered":"<p>La Facultad de Ciencia y Tecnolog\u00eda de Concepci\u00f3n del Uruguay, como parte de U.A.D.E.R., invita a concientizar en la prevenci\u00f3n de esta enfermedad. Este jueves 17 de noviembre te invitamos a sumarte a la campa\u00f1a \u201cNoviembre Azul: D\u00eda Mundial de la Lucha contra el C\u00e1ncer de Pr\u00f3stata\u201d, asistiendo a la Facultad con una prenda o [&hellip;]<\/p>\n","protected":false},"author":3,"featured_media":4904,"comment_status":"open","ping_status":"open","sticky":false,"template":"","format":"standard","meta":{"_jetpack_memberships_contains_paid_content":false,"footnotes":"","jetpack_publicize_message":"","jetpack_publicize_feature_enabled":true,"jetpack_social_post_already_shared":true,"jetpack_social_options":{"image_generator_settings":{"template":"highway","default_image_id":0,"enabled":false},"version":2}},"categories":[613],"tags":[60,1467,1070,494],"class_list":["post-4903","post","type-post","status-publish","format-standard","has-post-thumbnail","hentry","category-generales","tag-60","tag-cancer-de-prostata","tag-fcyt","tag-uader"],"jetpack_publicize_connections":[],"jetpack_featured_media_url":"https:\/\/3260.com.ar\/web\/wp-content\/uploads\/2022\/11\/Cancer-Prostata.jpg","jetpack_sharing_enabled":true,"_links":{"self":[{"href":"https:\/\/3260.com.ar\/web\/wp-json\/wp\/v2\/posts\/4903","targetHints":{"allow":["GET"]}}],"collection":[{"href":"https:\/\/3260.com.ar\/web\/wp-json\/wp\/v2\/posts"}],"about":[{"href":"https:\/\/3260.com.ar\/web\/wp-json\/wp\/v2\/types\/post"}],"author":[{"embeddable":true,"href":"https:\/\/3260.com.ar\/web\/wp-json\/wp\/v2\/users\/3"}],"replies":[{"embeddable":true,"href":"https:\/\/3260.com.ar\/web\/wp-json\/wp\/v2\/comments?post=4903"}],"version-history":[{"count":0,"href":"https:\/\/3260.com.ar\/web\/wp-json\/wp\/v2\/posts\/4903\/revisions"}],"wp:featuredmedia":[{"embeddable":true,"href":"https:\/\/3260.com.ar\/web\/wp-json\/wp\/v2\/media\/4904"}],"wp:attachment":[{"href":"https:\/\/3260.com.ar\/web\/wp-json\/wp\/v2\/media?parent=4903"}],"wp:term":[{"taxonomy":"category","embeddable":true,"href":"https:\/\/3260.com.ar\/web\/wp-json\/wp\/v2\/categories?post=4903"},{"taxonomy":"post_tag","embeddable":true,"href":"https:\/\/3260.com.ar\/web\/wp-json\/wp\/v2\/tags?post=4903"}],"curies":[{"name":"wp","href":"https:\/\/api.w.org\/{rel}","templated":true}]}}