{"id":4912,"date":"2022-11-21T11:46:29","date_gmt":"2022-11-21T14:46:29","guid":{"rendered":"https:\/\/3260.com.ar\/web\/?p=4912"},"modified":"2022-11-21T19:19:27","modified_gmt":"2022-11-21T22:19:27","slug":"union-y-recreo-campeon-anual","status":"publish","type":"post","link":"https:\/\/3260.com.ar\/web\/union-y-recreo-campeon-anual\/","title":{"rendered":"UNI\u00d3N y RECREO, CAMPE\u00d3N ANUAL."},"content":{"rendered":"\n<p>En el formato dise\u00f1ado por la dirigencia de la Liga Regional de F\u00fatbol (con sede en Basavilbaso) y que nuclea a clubes del interior de los departamentos Uruguay (San Justo, Herrera, Mantero, Basavilbaso, San Marcial, Santa Anita) y Gualeguaych\u00fa (Aldea San Antonio, Gilbert), los integrantes del equipo de Primera Divisi\u00f3n de Uni\u00f3n y Recreo de Villa San Justo se coronaron campeones.<\/p>\n\n\n\n<p>La serie final tuvo como protagonistas a los planteles de UNI\u00d3N Y RECREO vs EL PORVENIR.<\/p>\n\n\n\n<p>Se jugaron en fines de semanas consecutivos dos partidos. El primero de IDA (en San Justo Uni\u00f3n y Recreo venci\u00f3 2 a 0). En el segundo, el partido de VUELTA (el triunfo fue para El Porvenir de Santa Anita, tambi\u00e9n por 2 a 0.<\/p>\n\n\n\n<p>El partido final fue precedido por inclemencias clim\u00e1ticas muy adversas, lluvias intensas, vientos muy potentes y hasta un esquema de tormentas.<\/p>\n\n\n\n<p>Para marcar la paridad de ambas alineaciones se debi\u00f3 resolver desde el punto penal.&nbsp; Ah\u00ed para UNI\u00d3N Y RECREO tuvieron efectividad sus jugadores Luciano Latour, Pablo Nu\u00f1ez, Chiche Paredes y Mat\u00edas Pedroza.&nbsp;&nbsp; A su turno para EL PORVENIR, Nu\u00f1ez desvi\u00f3 el tiro, Martinez convirti\u00f3 y Garcetti en la ejecuci\u00f3n final, su tiro fue detenido por el arquero Juan Paredes de Uni\u00f3n y Recreo.<\/p>\n\n\n\n<p>Para Uni\u00f3n y Recreo NO ser\u00e1 \u00e9ste un campeonato m\u00e1s. La temporada 2022, marca un moj\u00f3n, para la instituci\u00f3n de la \u201cV azulada\u201d, atento a diferentes episodios ocurridos durante el a\u00f1o.&nbsp; La dirigencia y allegados sabr\u00e1n mensurar a su debido tiempo, cada circunstancia y sus consecuencias hasta arribar a la CORONACI\u00d3N FINAL, con el t\u00edtulo de CAMPE\u00d3N.<\/p>\n\n\n\n<p>TRANSMISI\u00d3N RADIAL.<\/p>\n\n\n\n<p>P\u00e1rrafo aparte merece la hidalgu\u00eda y profesionalismo de parte de los periodistas Ricardo Ariel Besel y Roberto Pavan (fotograf\u00eda), &nbsp;por el trabajo realizado en condiciones clim\u00e1ticas adversas y pr\u00e1cticamente debajo de \u201cun improvisado toldo\u201d. Ellos llevaron adelante el relato con las incidencias completas del partido final.  Est\u00e1 claro que lo hicieron por su consideraci\u00f3n y respeto a la audiencia, nada m\u00e1s y nada menos que por ese motivo.<\/p>\n\n\n\n<p>Esta imagen NO hace m\u00e1s que destacar el COMPROMISO y bonhom\u00eda de los PERIODISTAS AMATEUR y APASIONADOS que trabajan en los medios de la regi\u00f3n.&nbsp; Al tiempo de ser un llamado de atenci\u00f3n a los distintos referentes de instituciones, que muchas veces saben \u201cbuscar\u201d cuando necesitan a la prensa e \u201cignorar\u201d cuando se trata de atender aunque sea m\u00ednimamente con alguna delicadeza al momento de hacer su trabajo. <\/p>\n\n\n\n<p>Ayer fue en una cancha, pero hemos visto a distintos colegas transmitir desde los lugares m\u00e1s ins\u00f3litos en diferentes clubes de la Provincia y m\u00e1s all\u00e1 tambi\u00e9n. Que abunde el menosprecio a la atenci\u00f3n a la prensa de la zona, NO implica de ninguna manera que est\u00e9 bien.  Ni hace falta aclarar que cuando llega alg\u00fan medio de impacto nacional, ah\u00ed la cuesti\u00f3n es diametralmente opuesta en cada aspecto que se quiera analizar.<\/p>\n\n\n\n<p>Esta vez fue en Santa Anita, pero . . . NO son los \u00fanicos.<\/p>\n","protected":false},"excerpt":{"rendered":"<p>En el formato dise\u00f1ado por la dirigencia de la Liga Regional de F\u00fatbol (con sede en Basavilbaso) y que nuclea a clubes del interior de los departamentos Uruguay (San Justo, Herrera, Mantero, Basavilbaso, San Marcial, Santa Anita) y Gualeguaych\u00fa (Aldea San Antonio, Gilbert), los integrantes del equipo de Primera Divisi\u00f3n de Uni\u00f3n y Recreo de [&hellip;]<\/p>\n","protected":false},"author":3,"featured_media":4913,"comment_status":"open","ping_status":"open","sticky":false,"template":"","format":"standard","meta":{"_jetpack_memberships_contains_paid_content":false,"footnotes":"","jetpack_publicize_message":"","jetpack_publicize_feature_enabled":true,"jetpack_social_post_already_shared":true,"jetpack_social_options":{"image_generator_settings":{"template":"highway","default_image_id":0,"enabled":false},"version":2}},"categories":[173],"tags":[60,1361,1469,1128,1470],"class_list":["post-4912","post","type-post","status-publish","format-standard","has-post-thumbnail","hentry","category-deportes","tag-60","tag-liga-regional-de-futbol","tag-radio-union-y-pasion","tag-union-y-recreo","tag-villa-san-justo"],"jetpack_publicize_connections":[],"jetpack_featured_media_url":"https:\/\/3260.com.ar\/web\/wp-content\/uploads\/2022\/11\/Ariel.-Santa-Anita.jpeg","jetpack_sharing_enabled":true,"_links":{"self":[{"href":"https:\/\/3260.com.ar\/web\/wp-json\/wp\/v2\/posts\/4912","targetHints":{"allow":["GET"]}}],"collection":[{"href":"https:\/\/3260.com.ar\/web\/wp-json\/wp\/v2\/posts"}],"about":[{"href":"https:\/\/3260.com.ar\/web\/wp-json\/wp\/v2\/types\/post"}],"author":[{"embeddable":true,"href":"https:\/\/3260.com.ar\/web\/wp-json\/wp\/v2\/users\/3"}],"replies":[{"embeddable":true,"href":"https:\/\/3260.com.ar\/web\/wp-json\/wp\/v2\/comments?post=4912"}],"version-history":[{"count":0,"href":"https:\/\/3260.com.ar\/web\/wp-json\/wp\/v2\/posts\/4912\/revisions"}],"wp:featuredmedia":[{"embeddable":true,"href":"https:\/\/3260.com.ar\/web\/wp-json\/wp\/v2\/media\/4913"}],"wp:attachment":[{"href":"https:\/\/3260.com.ar\/web\/wp-json\/wp\/v2\/media?parent=4912"}],"wp:term":[{"taxonomy":"category","embeddable":true,"href":"https:\/\/3260.com.ar\/web\/wp-json\/wp\/v2\/categories?post=4912"},{"taxonomy":"post_tag","embeddable":true,"href":"https:\/\/3260.com.ar\/web\/wp-json\/wp\/v2\/tags?post=4912"}],"curies":[{"name":"wp","href":"https:\/\/api.w.org\/{rel}","templated":true}]}}