{"id":5023,"date":"2022-12-27T01:45:13","date_gmt":"2022-12-27T04:45:13","guid":{"rendered":"https:\/\/3260.com.ar\/web\/?p=5023"},"modified":"2022-12-27T01:45:17","modified_gmt":"2022-12-27T04:45:17","slug":"deportistas-destacados-2022","status":"publish","type":"post","link":"https:\/\/3260.com.ar\/web\/deportistas-destacados-2022\/","title":{"rendered":"DEPORTISTAS DESTACADOS 2022."},"content":{"rendered":"\n<p>La ciudad de Concepci\u00f3n del Uruguay, se apresta para celebrar una nueva edici\u00f3n de la FIESTA DEL DEPORTE URUGUAYENSE, en Plaza Ramirez el jueves 29 de diciembre de 2022 desde las 21,30 hs.<\/p>\n\n\n\n<p>Desde la organizaci\u00f3n se design\u00f3 como maestros de ceremonias a dos reconocidos locutores de la ciudad: Paola Acosta y H\u00e9ctor Caffa, ser\u00e1n los encargados de llevar adelante la conducci\u00f3n, animaci\u00f3n e informaci\u00f3n sobre los ternados, sus m\u00e9ritos deportivos y ganadores de cada disciplina.<\/p>\n\n\n\n<p>Cuarenta ternas de distintas disciplinas, m\u00e1s varias distinciones especiales ser\u00e1n quienes aspiren a lograr el premio mayor \u201cEL DEPORTISTA DEL A\u00d1O 2022\u201d, tambi\u00e9n se dar\u00e1 a conocer el premio a \u201cDEPORTISTA REVELACI\u00d3N 2022\u201d.<\/p>\n\n\n\n<p>Seguramente ser\u00e1 una velada en la que se producir\u00e1 el encuentro de muchos convecinos que se destacaron a lo largo del a\u00f1o, y que muchas veces por cuestiones de calendario no se producen los importantes intercambios de experiencias que s\u00ed, se suceden en el contexto de la fiesta.<\/p>\n\n\n\n<p>LOS DEPORTISTAS DESTACADOS DEL A\u00d1O SON:<\/p>\n\n\n\n<p>AJEDREZ<br>Juan Jos\u00e9 Parrilla<br>Macarena Ail\u00e9n Pajares<br>Lihue Mateo Mahmud Schimpf<\/p>\n\n\n\n<p>PADEL<br>Franco Monta\u00f1ana<br>Valeria Gonz\u00e1lez y Maria Jos\u00e9 Acevedo<br>Zulma Almada<\/p>\n\n\n\n<p>YACHTING<br>Federico Hormaiztegui<br>Gabriel Rojas<br>Patricio Young<\/p>\n\n\n\n<p>HANDBALL<br>Luciano Sarli<br>Franco Crespo<br>Brisa Grinstein<\/p>\n\n\n\n<p>TAEKWON-DO<br>Thomas P\u00e9rez<br>Tomas Gonz\u00e1lez<br>Tania Luana Mart\u00edn<\/p>\n\n\n\n<p>NATACI\u00d3N<br>M\u00e1ximo Valentino Jacquet<br>Catalina Traverso<br>Thiago Mart\u00edn<\/p>\n\n\n\n<p>ATLETISMO<br>Sebasti\u00e1n Tommasi<br>Caterina Massera<br>Nicol\u00e1s Cousillas<\/p>\n\n\n\n<p>TIRO DEPORTIVO<br>Lourdes Ayel\u00e9n Diez<br>Sebasti\u00e1n Cossani<br>Micaela Acosta<\/p>\n\n\n\n<p>PESCA DEPORTIVA<br>Sergio Vega<br>\u00c1ngel Ra\u00fal Fabre<br>Isabel Caraballo<\/p>\n\n\n\n<p>FOOTBALL AMERICANO<br>Lucas Germ\u00e1n Stagno<br>Lautaro Jacquet<br>Leonardo Emanuel L\u00f3pez<\/p>\n\n\n\n<p>HOCKEY FEMENINO<br>Luc\u00eda Godoy Alonso<br>Sof\u00eda Esquivo<br>Ivana Valente<\/p>\n\n\n\n<p>HOCKEY MASCULINO<br>Adri\u00e1n Mondolo<br>Mateo Andr\u00e9s Bonnin<br>Roberto Jes\u00fas Navarro<\/p>\n\n\n\n<p>GOLF<br>Maximiliano Rodr\u00edguez<br>Federico Arca<br>Francisco Nadal<\/p>\n\n\n\n<p>KICK BOXING<br>Ivan Johnston<br>Antonio Abrigo<br>Sof\u00eda Echeverr\u00eda<\/p>\n\n\n\n<p>MOUNTAIN BIKE<br>Mercedes Almeyra<br>Paolo Gugliotti<br>Santiago Martinez<\/p>\n\n\n\n<p>PEDESTRISMO<br>Mar\u00eda del Pilar R\u00edos<br>Maximiliano Hilarza<br>Emilio Segovia<\/p>\n\n\n\n<p>CARRERA AVENTURA<br>Jorge P\u00e9rez Romero<br>Florencia Cabrera<br>Karen Troche<\/p>\n\n\n\n<p>CANOTAJE<br>I\u00f1aki Burruchaga<br>Magdalena Garro<br>Rodrigo Caffa y Mauricio Caffa.<\/p>\n\n\n\n<p>FUTBOL MASCULINO<br>Agust\u00edn Garc\u00eda<br>Francisco Leonetti<br>Francisco Borda<\/p>\n\n\n\n<p>FUTBOL FEMENINO<br>Martina Ibarra<br>Daiana Fern\u00e1ndez<br>Sabrina Valiente<\/p>\n\n\n\n<p>VOLEY MASCULINO<br>Mat\u00edas Lafourcade<br>Alberto Rampoldi<br>Felipe Gatti<\/p>\n\n\n\n<p>VOLEY FEMENINO<br>Martina del Castillo<br>Valentina Flor L\u00f3pez<br>Brenda Flores<\/p>\n\n\n\n<p>EQUITACI\u00d3N<br>Nicol\u00e1s Marc\u00f3<br>Carina Meichtry<br>Azul Erpen Meichtry<\/p>\n\n\n\n<p>TURF<br>Nelson Lalanda<br>Irineo Ledesma<br>Guillermo Alejandro Coronel<\/p>\n\n\n\n<p>GIMNASIA ART\u00cdSTICA<br>Valentino Gay<br>Emilia Vallarino<br>Valentina Gonzalez<\/p>\n\n\n\n<p>JUDO<br>Malena \u00c1lvarez<br>Sebasti\u00e1n Olano<br>Santiago Prediger<\/p>\n\n\n\n<p>KARTING<br>Brisa Ramos Mac Guire<br>Agust\u00edn Fulini<br>Juli\u00e1n Bertti<\/p>\n\n\n\n<p>MOTOCICLISMO<br>Joaqu\u00edn C\u00e1ceres<br>Rodolfo Vence<br>Rub\u00e9n Alejandro Hauteville<\/p>\n\n\n\n<p>DUATL\u00d3N Y TRIATL\u00d3N<br>Mat\u00edas Marchand<br>Juan Silva<br>Gast\u00f3n Urquiza<\/p>\n\n\n\n<p>CICLISMO PISTA Y RUTA<br>Daniel Oreste Benitez<br>Oscar Elola<br>Paolo Gugliotti<\/p>\n\n\n\n<p>KARATE<br>Leonardo Barreto<br>Mirko Suarez<br>Juan Gabriel Da Rosa<\/p>\n\n\n\n<p>BOXEO<br>Lino Vald\u00e9z<\/p>\n\n\n\n<p>TENIS<br>Guillermina Silva<br>Juan Bautista Anzalas Blanc<\/p>\n\n\n\n<p>BOCHAS<br>Franco Wetzel<br>N\u00e9stor Cergneux<br>Pablo Pepe<br>Distinci\u00f3n Especial: Milagros Pereyra<\/p>\n\n\n\n<p>RUGBY<br>Mariano Roude<br>Agust\u00edn Vera<br>Joaqu\u00edn Gonz\u00e1lez<br>Distinci\u00f3n Especial: Gast\u00f3n Caire<\/p>\n\n\n\n<p>PELOTA PALETA<br>Mart\u00edn Go\u00f1i<br>Jorge Andr\u00e9s Gatter<br>Juan Ignacio Guy<br>Distinci\u00f3n Especial: Nicol\u00e1s Berruezo y Lorenzo Cardozo<\/p>\n\n\n\n<p>BASQUET MASCULINO<br>Tomas Verbauwede<br>M\u00e1ximo Benavidez<br>Guido Dellavedova<br>Distinci\u00f3n Especial: Juan Ignacio Respaud<\/p>\n\n\n\n<p>BASQUET FEMENINO<br>Clara Monta\u00f1ana<br>Roc\u00edo D\u00edaz<br>In\u00e9s Fernandez Kratz<br>Distinci\u00f3n Especial: Camila Suarez<\/p>\n\n\n\n<p>PATIN ARTISTICO<br>Roc\u00edo P\u00e9rez Reynoso<br>Valentina Bianchi<br>Mar\u00eda Cecilia Santamar\u00eda<br>Distinci\u00f3n Especial: Melissa Valdez y Federico Bengolea<\/p>\n\n\n\n<p>AUTOMOVILISMO<br>Tom\u00e1s Pellandino<br>Leandro Bonnin y Mart\u00edn Baucero<br>Cristian Conte<br>Menci\u00f3n: Competici\u00f3n Especial Entrerriana<\/p>\n\n\n\n<p>DEPORTE ADAPTADO<br>Marcos Dom\u00ednguez &#8211; Paracanotaje<br>Abel Gonz\u00e1lez \u2013 Atletismo<br>Thiago Mart\u00ednez \u2013 Basquet en Silla de Ruedas<br>Brisa Roldan \u2013 Atletismo<br>Menci\u00f3n: Equipo de B\u00e1squet Inclusivo Club Pbro. Andr\u00e9s Zaninetti<\/p>\n\n\n\n<p>MENCI\u00d3N A EQUIPOS FINALISTAS A NIVEL NACIONAL:<br>-Selecci\u00f3n Sub 15 de la Liga de F\u00fatbol de Concepci\u00f3n del Uruguay<br>-Equipo de B\u00e1squet Femenino U17 del Club Tom\u00e1s de Rocamora<br>-Equipo de B\u00e1squet Femenino U13 del Club Regatas Uruguay<\/p>\n\n\n\n<p>MEDALLISTAS \u201cFINAL NACIONAL JUEGOS DEPORTIVOS EVITA 2022\u201d:<br>Nicolas Cousillas, Diego Sincosky, Mat\u00edas Stegemann y Julieta Zacar\u00edas (Atletismo), Maira Caffa, I\u00f1aki Burruchaga y Vito Reniero (Canotaje), Federico Hormaitegui (Optimist), Ramiro Caballero y Samuel Guidobono (Atletismo Adaptado), Lionel Valdez (Parabadmington), Estefan\u00eda Rodriguez y Felipe Gatti (Voley Sentado).<\/p>\n\n\n\n<p>Transmisi\u00f3n radial en directo: La radio FM 98.9 CDELU SPORTS, \u00abla radio del deporte\u00bb estar\u00e1 transmitiendo en directo todo lo que suceda en la Plaza Ramirez, para seguir la transmisi\u00f3n por internet se  lo puede hacer en<a href=\"http:\/\/www.cdelusports.com.ar\" title=\" www.cdelusports.com.ar\"> www.cdelusports.com.ar<\/a><\/p>\n","protected":false},"excerpt":{"rendered":"<p>La ciudad de Concepci\u00f3n del Uruguay, se apresta para celebrar una nueva edici\u00f3n de la FIESTA DEL DEPORTE URUGUAYENSE, en Plaza Ramirez el jueves 29 de diciembre de 2022 desde las 21,30 hs. Desde la organizaci\u00f3n se design\u00f3 como maestros de ceremonias a dos reconocidos locutores de la ciudad: Paola Acosta y H\u00e9ctor Caffa, ser\u00e1n [&hellip;]<\/p>\n","protected":false},"author":3,"featured_media":5024,"comment_status":"open","ping_status":"open","sticky":false,"template":"","format":"standard","meta":{"_jetpack_memberships_contains_paid_content":false,"footnotes":"","jetpack_publicize_message":"","jetpack_publicize_feature_enabled":true,"jetpack_social_post_already_shared":true,"jetpack_social_options":{"image_generator_settings":{"template":"highway","default_image_id":0,"enabled":false},"version":2}},"categories":[173],"tags":[60,1516,1515],"class_list":["post-5023","post","type-post","status-publish","format-standard","has-post-thumbnail","hentry","category-deportes","tag-60","tag-circulo-de-periodistas-deportivos-2","tag-fiesta-del-deporte-uruguayense"],"jetpack_publicize_connections":[],"jetpack_featured_media_url":"https:\/\/3260.com.ar\/web\/wp-content\/uploads\/2022\/12\/Fiesta-Deporte-1.jpeg","jetpack_sharing_enabled":true,"_links":{"self":[{"href":"https:\/\/3260.com.ar\/web\/wp-json\/wp\/v2\/posts\/5023","targetHints":{"allow":["GET"]}}],"collection":[{"href":"https:\/\/3260.com.ar\/web\/wp-json\/wp\/v2\/posts"}],"about":[{"href":"https:\/\/3260.com.ar\/web\/wp-json\/wp\/v2\/types\/post"}],"author":[{"embeddable":true,"href":"https:\/\/3260.com.ar\/web\/wp-json\/wp\/v2\/users\/3"}],"replies":[{"embeddable":true,"href":"https:\/\/3260.com.ar\/web\/wp-json\/wp\/v2\/comments?post=5023"}],"version-history":[{"count":0,"href":"https:\/\/3260.com.ar\/web\/wp-json\/wp\/v2\/posts\/5023\/revisions"}],"wp:featuredmedia":[{"embeddable":true,"href":"https:\/\/3260.com.ar\/web\/wp-json\/wp\/v2\/media\/5024"}],"wp:attachment":[{"href":"https:\/\/3260.com.ar\/web\/wp-json\/wp\/v2\/media?parent=5023"}],"wp:term":[{"taxonomy":"category","embeddable":true,"href":"https:\/\/3260.com.ar\/web\/wp-json\/wp\/v2\/categories?post=5023"},{"taxonomy":"post_tag","embeddable":true,"href":"https:\/\/3260.com.ar\/web\/wp-json\/wp\/v2\/tags?post=5023"}],"curies":[{"name":"wp","href":"https:\/\/api.w.org\/{rel}","templated":true}]}}