{"id":5103,"date":"2023-01-25T00:00:00","date_gmt":"2023-01-25T03:00:00","guid":{"rendered":"https:\/\/3260.com.ar\/web\/?p=5103"},"modified":"2023-01-24T21:51:53","modified_gmt":"2023-01-25T00:51:53","slug":"san-isidro-canta-y-baila","status":"publish","type":"post","link":"https:\/\/3260.com.ar\/web\/san-isidro-canta-y-baila\/","title":{"rendered":"San Isidro Canta y Baila."},"content":{"rendered":"\n<p>En la zona Norte Barrio San Isidro de Concepci\u00f3n del Uruguay,  se apresta todo para la realizaci\u00f3n del XXXII FESTIVAL SAN ISIDRO CANTA Y BAILA.<\/p>\n\n\n\n<p>El Barrio se destaca por la cantidad de m\u00fasicos y artistas en general que son nativos y\/o habitantes del lugar, lo que da impulso y nombre al festival que todos nombran con orgullo, al punto que la entrada m\u00e1s antigua por calle Urquiza reza con orgullo \u00abBienvenidos a la REP\u00daBLICA DE SAN ISIDRO\u00bb.<\/p>\n\n\n\n<p>\u00c9ste s\u00e1bado 28 y domingo 29 desde las 21 hs se realizar\u00e1 el Festival San Isidro, en el PARQUE DE LA CIUDAD.<\/p>\n\n\n\n<p>La entrada es libre y gratuita, aunque habr\u00e1 un puesto de recepci\u00f3n de comestibles no perecederos y \u00fatiles escolares para distribuir entre aquellos que lo necesiten.<\/p>\n\n\n\n<p>Bandas y m\u00fasicos locales, bailarines de diferentes ritmos se aprestan para disfrutar cada una de las noches en el remozado  Parque de la Ciudad.<\/p>\n\n\n\n<p>ENTRADA LIBRE Y GRATUITA.  Estas jornadas son a beneficio exclusivo de instituciones barriales como lo son: Escuela 83 \u00abMesopotamia Argentina\u00bb; Capilla San Isidro Labrador y S.U.M. <\/p>\n\n\n\n<p>Comodidades: Cada espectador puede llevar su propio sill\u00f3n o en su defecto \u00abalquilar\u00bb a bajo costo sillas que habr\u00e1 disponibles en el lugar.  Estacionamiento cuidado para autos y motos.<\/p>\n","protected":false},"excerpt":{"rendered":"<p>En la zona Norte Barrio San Isidro de Concepci\u00f3n del Uruguay, se apresta todo para la realizaci\u00f3n del XXXII FESTIVAL SAN ISIDRO CANTA Y BAILA. El Barrio se destaca por la cantidad de m\u00fasicos y artistas en general que son nativos y\/o habitantes del lugar, lo que da impulso y nombre al festival que todos [&hellip;]<\/p>\n","protected":false},"author":3,"featured_media":5104,"comment_status":"open","ping_status":"open","sticky":false,"template":"","format":"standard","meta":{"_jetpack_memberships_contains_paid_content":false,"footnotes":"","jetpack_publicize_message":"","jetpack_publicize_feature_enabled":true,"jetpack_social_post_already_shared":true,"jetpack_social_options":{"image_generator_settings":{"template":"highway","default_image_id":0,"enabled":false},"version":2}},"categories":[174],"tags":[60,1542,1541],"class_list":["post-5103","post","type-post","status-publish","format-standard","has-post-thumbnail","hentry","category-cultura","tag-60","tag-cultura-concepcion-del-uruguay","tag-san-isidro-canta-y-baila"],"jetpack_publicize_connections":[],"jetpack_featured_media_url":"https:\/\/3260.com.ar\/web\/wp-content\/uploads\/2023\/01\/San-Isidro-Canta-y-Baila.jpg","jetpack_sharing_enabled":true,"_links":{"self":[{"href":"https:\/\/3260.com.ar\/web\/wp-json\/wp\/v2\/posts\/5103","targetHints":{"allow":["GET"]}}],"collection":[{"href":"https:\/\/3260.com.ar\/web\/wp-json\/wp\/v2\/posts"}],"about":[{"href":"https:\/\/3260.com.ar\/web\/wp-json\/wp\/v2\/types\/post"}],"author":[{"embeddable":true,"href":"https:\/\/3260.com.ar\/web\/wp-json\/wp\/v2\/users\/3"}],"replies":[{"embeddable":true,"href":"https:\/\/3260.com.ar\/web\/wp-json\/wp\/v2\/comments?post=5103"}],"version-history":[{"count":0,"href":"https:\/\/3260.com.ar\/web\/wp-json\/wp\/v2\/posts\/5103\/revisions"}],"wp:featuredmedia":[{"embeddable":true,"href":"https:\/\/3260.com.ar\/web\/wp-json\/wp\/v2\/media\/5104"}],"wp:attachment":[{"href":"https:\/\/3260.com.ar\/web\/wp-json\/wp\/v2\/media?parent=5103"}],"wp:term":[{"taxonomy":"category","embeddable":true,"href":"https:\/\/3260.com.ar\/web\/wp-json\/wp\/v2\/categories?post=5103"},{"taxonomy":"post_tag","embeddable":true,"href":"https:\/\/3260.com.ar\/web\/wp-json\/wp\/v2\/tags?post=5103"}],"curies":[{"name":"wp","href":"https:\/\/api.w.org\/{rel}","templated":true}]}}