{"id":5229,"date":"2023-03-08T10:57:00","date_gmt":"2023-03-08T13:57:00","guid":{"rendered":"https:\/\/3260.com.ar\/web\/?p=5229"},"modified":"2023-03-07T20:08:54","modified_gmt":"2023-03-07T23:08:54","slug":"grandes-expectativas-para-el-cierre-de-temporada-veraniega-2023","status":"publish","type":"post","link":"https:\/\/3260.com.ar\/web\/grandes-expectativas-para-el-cierre-de-temporada-veraniega-2023\/","title":{"rendered":"Grandes expectativas para el cierre de temporada veraniega 2023"},"content":{"rendered":"\n<p><strong>\u201cVamos a terminar la temporada de verano con m\u00e1s de 2 millones de turistas que han visitado Entre R\u00edos\u201d<\/strong>, expres\u00f3 el gobernador Gustavo Bordet quien visit\u00f3 la Fiesta Nacional del Mate junto al intendente de Paran\u00e1, Ad\u00e1n Bahl.<\/p>\n\n\n\n<p>En la oportunidad, entreg\u00f3 un aporte a la municipalidad de Paran\u00e1, para hacer frente a los gastos organizativos de la 33\u00ba edici\u00f3n de la Fiesta Nacional del Mate. Estuvo acompa\u00f1ado por la presidenta de la Fundaci\u00f3n Iapser, Mariel \u00c1vila y la esposa del intendente, Claudia Silva.<\/p>\n\n\n\n<p><strong>Exitosa temporada tur\u00edstica en la provincia<\/strong><\/p>\n\n\n\n<p>En lo que va de la temporada, ingresaron a la provincia 1.890.000 visitantes. El movimiento econ\u00f3mico generado por el turismo alcanz\u00f3 los 34 mil millones de pesos aproximadamente. Lo que va del verano 2023 ya super\u00f3 el del a\u00f1o pasado, que fue el mejor de la \u00faltima d\u00e9cada.<\/p>\n\n\n\n<p>Pese a la finalizaci\u00f3n de temporada de verano y el receso escolar, la mayor\u00eda de las localidades entrerrianas contin\u00faan con muy buenos niveles de ocupaci\u00f3n y reservas para el mes de marzo. Fiestas populares como la del Mate o la de la Apicultura y eventos vinculados a la pesca, como las fiestas del Surub\u00ed y de la Boga, son los m\u00e1s convocantes. Se prev\u00e9 que el sector tur\u00edstico mantendr\u00e1 una tendencia al crecimiento.<\/p>\n\n\n\n<p>Adem\u00e1s, para lo que resta de la primera mitad del a\u00f1o, la actividad tur\u00edstica se ver\u00e1 impulsada con el programa nacional PreViaje 4, que ser\u00e1 lanzado este mes y ser\u00e1 una gran oportunidad para los meses de mayo y junio, que generalmente son temporada baja.<\/p>\n\n\n\n<p>M\u00e1s all\u00e1 de los n\u00fameros, las y los turistas y referentes del sector destacan el compromiso con la calidad, el buen trato y los servicios que ofrece Entre R\u00edos como destino. Los festejos y eventos en diferentes localidades y el clima y la altura de los r\u00edos, que permitieron disfrutar de las playas, acompa\u00f1aron durante estos dos meses para lograr una buena temporada.<\/p>\n\n\n\n<p class=\"has-small-font-size\">Fuente: Secretar\u00eda de Comunicaci\u00f3n de Entre R\u00edos.<\/p>\n","protected":false},"excerpt":{"rendered":"<p>\u201cVamos a terminar la temporada de verano con m\u00e1s de 2 millones de turistas que han visitado Entre R\u00edos\u201d, expres\u00f3 el gobernador Gustavo Bordet quien visit\u00f3 la Fiesta Nacional del Mate junto al intendente de Paran\u00e1, Ad\u00e1n Bahl.<\/p>\n","protected":false},"author":3,"featured_media":5230,"comment_status":"open","ping_status":"open","sticky":false,"template":"","format":"standard","meta":{"_jetpack_memberships_contains_paid_content":false,"footnotes":"","jetpack_publicize_message":"","jetpack_publicize_feature_enabled":true,"jetpack_social_post_already_shared":true,"jetpack_social_options":{"image_generator_settings":{"template":"highway","default_image_id":0,"enabled":false},"version":2}},"categories":[175],"tags":[60,1582,296],"class_list":["post-5229","post","type-post","status-publish","format-standard","has-post-thumbnail","hentry","category-turismo","tag-60","tag-fiesta-nacional-del-mate","tag-turismo"],"jetpack_publicize_connections":[],"jetpack_featured_media_url":"https:\/\/3260.com.ar\/web\/wp-content\/uploads\/2023\/03\/1678069517jpg.jpg","jetpack_sharing_enabled":true,"_links":{"self":[{"href":"https:\/\/3260.com.ar\/web\/wp-json\/wp\/v2\/posts\/5229","targetHints":{"allow":["GET"]}}],"collection":[{"href":"https:\/\/3260.com.ar\/web\/wp-json\/wp\/v2\/posts"}],"about":[{"href":"https:\/\/3260.com.ar\/web\/wp-json\/wp\/v2\/types\/post"}],"author":[{"embeddable":true,"href":"https:\/\/3260.com.ar\/web\/wp-json\/wp\/v2\/users\/3"}],"replies":[{"embeddable":true,"href":"https:\/\/3260.com.ar\/web\/wp-json\/wp\/v2\/comments?post=5229"}],"version-history":[{"count":0,"href":"https:\/\/3260.com.ar\/web\/wp-json\/wp\/v2\/posts\/5229\/revisions"}],"wp:featuredmedia":[{"embeddable":true,"href":"https:\/\/3260.com.ar\/web\/wp-json\/wp\/v2\/media\/5230"}],"wp:attachment":[{"href":"https:\/\/3260.com.ar\/web\/wp-json\/wp\/v2\/media?parent=5229"}],"wp:term":[{"taxonomy":"category","embeddable":true,"href":"https:\/\/3260.com.ar\/web\/wp-json\/wp\/v2\/categories?post=5229"},{"taxonomy":"post_tag","embeddable":true,"href":"https:\/\/3260.com.ar\/web\/wp-json\/wp\/v2\/tags?post=5229"}],"curies":[{"name":"wp","href":"https:\/\/api.w.org\/{rel}","templated":true}]}}