{"id":5232,"date":"2023-03-09T12:01:00","date_gmt":"2023-03-09T15:01:00","guid":{"rendered":"https:\/\/3260.com.ar\/web\/?p=5232"},"modified":"2023-03-07T20:08:29","modified_gmt":"2023-03-07T23:08:29","slug":"cdu-se-brindara-un-taller-para-el-sector-turistico","status":"publish","type":"post","link":"https:\/\/3260.com.ar\/web\/cdu-se-brindara-un-taller-para-el-sector-turistico\/","title":{"rendered":"CDU: se brindar\u00e1 un taller para el sector tur\u00edstico"},"content":{"rendered":"\n<p>Se realizar\u00e1 en Concepci\u00f3n del Uruguay el Taller Presencial de Presentaci\u00f3n del Programa Provincial \u201cUn detalle, una alegr\u00eda &#8211; Introducci\u00f3n a la Calidad Tur\u00edstica\u201d. Es organizado por la Secretar\u00eda de Turismo de Entre R\u00edos y la Direcci\u00f3n de Turismo de la Municipalidad.<\/p>\n\n\n\n<p>Esta capacitaci\u00f3n permitir\u00e1 descubrir la importancia de la calidad en el proceso de servucci\u00f3n e identificar puntos a mejorar en la prestaci\u00f3n de sus servicios. Est\u00e1 dirigida a quienes desarrollan emprendimientos de servicios tur\u00edsticos y a las oficinas oficiales de Turismo.<\/p>\n\n\n\n<p>Ser\u00e1 el 9 de marzo de 14 a 18 en el Auditorio Illia y estar\u00e1 a cargo de las facilitadoras M\u00f3nica Beber y Mar\u00eda Eugenia Usandizaga. Las personas interesadas en participar deben inscribirse en <a href=\"https:\/\/forms.gle\/EjmPVoaNPodSLVdA8\" target=\"_blank\" rel=\"noreferrer noopener\" title=\"el presente formulario\">el presente formulario<\/a>. Por consultas:\u00a0<a href=\"mailto:direccioncapacitacionturismoer@gmail.com\">direccioncapacitacionturismoer@gmail.com<\/a><\/p>\n\n\n\n<p><strong>M\u00e1s sobre el Programa.<\/strong><\/p>\n\n\n\n<p>Es un programa provincial de introducci\u00f3n a la calidad y la mejora continua. Comenz\u00f3 a desarrollarse al finalizar la pandemia, ante la necesidad de los prestadores de hacer algo para mejorar la situaci\u00f3n.<\/p>\n\n\n\n<p>Se apunta a los peque\u00f1os establecimientos con un lugar formal propio; desde la Secretar\u00eda de Turismo provincial se trabaja con ellos en territorio durante tres meses, en base a 14 puntos que hacen a la percepci\u00f3n de calidad y la mejora de la experiencia del visitante. Por ejemplo: tener la visi\u00f3n, misi\u00f3n y objetivos definidos, tener bien determinados los puestos de trabajo y la necesidad de capacitaci\u00f3n, qu\u00e9 se puede hacer por el medio ambiente y las personas con discapacidad.<\/p>\n\n\n\n<p>Tambi\u00e9n se abordan protocolos de atenci\u00f3n, de manejo de queja, de limpieza, y qu\u00e9 hacer con los residuos.<\/p>\n\n\n\n<p class=\"has-small-font-size\">Fuente: Prensa Municipalidad de Concepci\u00f3n del Uruguay.<\/p>\n","protected":false},"excerpt":{"rendered":"<p>La Provincia implementa un programa de capacitaci\u00f3n tur\u00edstica. Este jueves la instancia se realizar\u00e1 en nuestra ciudad, destinada a emprendimientos de servicios y el \u00e1rea tur\u00edstica oficial.<\/p>\n","protected":false},"author":3,"featured_media":5233,"comment_status":"open","ping_status":"open","sticky":false,"template":"","format":"standard","meta":{"_jetpack_memberships_contains_paid_content":false,"footnotes":"","jetpack_publicize_message":"","jetpack_publicize_feature_enabled":true,"jetpack_social_post_already_shared":true,"jetpack_social_options":{"image_generator_settings":{"template":"highway","default_image_id":0,"enabled":false},"version":2}},"categories":[175],"tags":[60,331,296],"class_list":["post-5232","post","type-post","status-publish","format-standard","has-post-thumbnail","hentry","category-turismo","tag-60","tag-concepcion-del-uruguay","tag-turismo"],"jetpack_publicize_connections":[],"jetpack_featured_media_url":"https:\/\/3260.com.ar\/web\/wp-content\/uploads\/2023\/03\/Capacitacin_turstica.jpeg","jetpack_sharing_enabled":true,"_links":{"self":[{"href":"https:\/\/3260.com.ar\/web\/wp-json\/wp\/v2\/posts\/5232","targetHints":{"allow":["GET"]}}],"collection":[{"href":"https:\/\/3260.com.ar\/web\/wp-json\/wp\/v2\/posts"}],"about":[{"href":"https:\/\/3260.com.ar\/web\/wp-json\/wp\/v2\/types\/post"}],"author":[{"embeddable":true,"href":"https:\/\/3260.com.ar\/web\/wp-json\/wp\/v2\/users\/3"}],"replies":[{"embeddable":true,"href":"https:\/\/3260.com.ar\/web\/wp-json\/wp\/v2\/comments?post=5232"}],"version-history":[{"count":0,"href":"https:\/\/3260.com.ar\/web\/wp-json\/wp\/v2\/posts\/5232\/revisions"}],"wp:featuredmedia":[{"embeddable":true,"href":"https:\/\/3260.com.ar\/web\/wp-json\/wp\/v2\/media\/5233"}],"wp:attachment":[{"href":"https:\/\/3260.com.ar\/web\/wp-json\/wp\/v2\/media?parent=5232"}],"wp:term":[{"taxonomy":"category","embeddable":true,"href":"https:\/\/3260.com.ar\/web\/wp-json\/wp\/v2\/categories?post=5232"},{"taxonomy":"post_tag","embeddable":true,"href":"https:\/\/3260.com.ar\/web\/wp-json\/wp\/v2\/tags?post=5232"}],"curies":[{"name":"wp","href":"https:\/\/api.w.org\/{rel}","templated":true}]}}