{"id":5238,"date":"2023-03-10T19:27:13","date_gmt":"2023-03-10T22:27:13","guid":{"rendered":"https:\/\/3260.com.ar\/web\/?p=5238"},"modified":"2023-03-10T19:27:15","modified_gmt":"2023-03-10T22:27:15","slug":"argentinos-y-uruguayos-celebraran-el-dia-internacional-de-accion-por-los-rios","status":"publish","type":"post","link":"https:\/\/3260.com.ar\/web\/argentinos-y-uruguayos-celebraran-el-dia-internacional-de-accion-por-los-rios\/","title":{"rendered":"Argentinos y uruguayos celebrar\u00e1n el \u00abD\u00eda Internacional de Acci\u00f3n por los R\u00edos\u00bb"},"content":{"rendered":"\n<p>El futuro Parque Provincial Islas y Canales Verdes del R\u00edo Uruguay va a hacer un encuentro de los 100 kayaks del proyecto, los 50 que est\u00e1n del lado argentino y los 50 que est\u00e1n del lado uruguayo, a la altura de la Dolores.<\/p>\n\n\n\n<p>Se va a desplegar una bandera que dice \u00abun solo R\u00edo, un solo parque\u00bb para tomar im\u00e1genes a\u00e9reas. Est\u00e1n todos invitados a sumarse a esta acci\u00f3n x nuestro r\u00edo!! Como dice el flyer, el encuentro ser\u00e1 en la Dolores a las 9hs.<\/p>\n","protected":false},"excerpt":{"rendered":"<p>El futuro Parque Provincial Islas y Canales Verdes del R\u00edo Uruguay va a hacer un encuentro de los 100 kayaks del proyecto, los 50 que est\u00e1n del lado argentino y los 50 que est\u00e1n del lado uruguayo, a la altura de la Dolores. Se va a desplegar una bandera que dice \u00abun solo R\u00edo, un [&hellip;]<\/p>\n","protected":false},"author":3,"featured_media":5239,"comment_status":"open","ping_status":"open","sticky":false,"template":"","format":"standard","meta":{"_jetpack_memberships_contains_paid_content":false,"footnotes":"","jetpack_publicize_message":"","jetpack_publicize_feature_enabled":true,"jetpack_social_post_already_shared":true,"jetpack_social_options":{"image_generator_settings":{"template":"highway","default_image_id":0,"enabled":false},"version":2}},"categories":[175],"tags":[60,1583],"class_list":["post-5238","post","type-post","status-publish","format-standard","has-post-thumbnail","hentry","category-turismo","tag-60","tag-rios"],"jetpack_publicize_connections":[],"jetpack_featured_media_url":"https:\/\/3260.com.ar\/web\/wp-content\/uploads\/2023\/03\/WhatsApp-Image-2023-03-10-at-11.04.17.jpeg","jetpack_sharing_enabled":true,"_links":{"self":[{"href":"https:\/\/3260.com.ar\/web\/wp-json\/wp\/v2\/posts\/5238","targetHints":{"allow":["GET"]}}],"collection":[{"href":"https:\/\/3260.com.ar\/web\/wp-json\/wp\/v2\/posts"}],"about":[{"href":"https:\/\/3260.com.ar\/web\/wp-json\/wp\/v2\/types\/post"}],"author":[{"embeddable":true,"href":"https:\/\/3260.com.ar\/web\/wp-json\/wp\/v2\/users\/3"}],"replies":[{"embeddable":true,"href":"https:\/\/3260.com.ar\/web\/wp-json\/wp\/v2\/comments?post=5238"}],"version-history":[{"count":0,"href":"https:\/\/3260.com.ar\/web\/wp-json\/wp\/v2\/posts\/5238\/revisions"}],"wp:featuredmedia":[{"embeddable":true,"href":"https:\/\/3260.com.ar\/web\/wp-json\/wp\/v2\/media\/5239"}],"wp:attachment":[{"href":"https:\/\/3260.com.ar\/web\/wp-json\/wp\/v2\/media?parent=5238"}],"wp:term":[{"taxonomy":"category","embeddable":true,"href":"https:\/\/3260.com.ar\/web\/wp-json\/wp\/v2\/categories?post=5238"},{"taxonomy":"post_tag","embeddable":true,"href":"https:\/\/3260.com.ar\/web\/wp-json\/wp\/v2\/tags?post=5238"}],"curies":[{"name":"wp","href":"https:\/\/api.w.org\/{rel}","templated":true}]}}