{"id":5256,"date":"2023-03-14T10:06:00","date_gmt":"2023-03-14T13:06:00","guid":{"rendered":"https:\/\/3260.com.ar\/web\/?p=5256"},"modified":"2023-03-11T16:09:02","modified_gmt":"2023-03-11T19:09:02","slug":"5256-2","status":"publish","type":"post","link":"https:\/\/3260.com.ar\/web\/5256-2\/","title":{"rendered":"CDU: Inscriben para las becas del Progresar"},"content":{"rendered":"\n<p>Hasta el 31 de marzo es la primera convocatoria para personas interesadas en becas educativas y de formaci\u00f3n profesional. La inscripci\u00f3n puede ser tanto presencial como virtual. La Municipalidad cuenta con un Punto Progresar para responder las consultas sobre las Becas.<\/p>\n\n\n\n<p>En la Secretar\u00eda de Desarrollo Social (ex estaci\u00f3n de trenes) inscriben para acceder a las becas del Programa Progresar. Esta iniciativa del Estado Nacional apunta a facilitar la finalizaci\u00f3n de estudios, cursar el nivel superior o formarse profesionalmente. Las opciones son:<\/p>\n\n\n\n<p>Progresar 16 y 17: para acompa\u00f1ar el recorrido escolar de j\u00f3venes de 16 y 17 a\u00f1os.<\/p>\n\n\n\n<p>Progresar Obligatorio: destinado a finalizar la educaci\u00f3n primaria y secundaria.<\/p>\n\n\n\n<p>Progresar Superior: para estudiar tecnicaturas, formaci\u00f3n docente o carreras universitarias.<\/p>\n\n\n\n<p>Progresar Enfermer\u00eda: para cursar esta carrera.<\/p>\n\n\n\n<p>Progresar Trabajo: destinado a quienes quieren formarse profesionalmente.<\/p>\n\n\n\n<p><strong>Requisitos.<\/strong><\/p>\n\n\n\n<p>Es necesario tener de 16 a 24 a\u00f1os, y hasta 30 en caso de estudiantes del nivel superior. Para la l\u00ednea de Enfermer\u00eda, no hay l\u00edmite de edad. Adem\u00e1s, el Programa contempla poblaciones priorizadas, para las cuales var\u00edan los requisitos de edad.<\/p>\n\n\n\n<p>Los ingresos de la familia no deben superar tres veces el Salario M\u00ednimo, Vital y M\u00f3vil. En cuanto a las condiciones acad\u00e9micas, es obligaci\u00f3n ser estudiante regular y cumplir con los requisitos de avance acad\u00e9mico seg\u00fan la l\u00ednea.<\/p>\n\n\n\n<p><strong>La inscripci\u00f3n<\/strong>.<\/p>\n\n\n\n<p>Quienes quieran inscribirse personalmente, deben acercarse al Punto Progresar de la Secretar\u00eda de Desarrollo Social, de lunes a mi\u00e9rcoles de 16 a 18.30. La inscripci\u00f3n virtual se realiza en <a href=\"https:\/\/www.argentina.gob.ar\/educacion\/progresar\" target=\"_blank\" rel=\"noreferrer noopener\">https:\/\/www.argentina.gob.ar\/educacion\/progresar<\/a>. La inscripci\u00f3n est\u00e1 abierta hasta el 31 de marzo.<\/p>\n","protected":false},"excerpt":{"rendered":"<p>Hasta el 31 de marzo es la primera convocatoria para personas interesadas en becas educativas y de formaci\u00f3n profesional. La inscripci\u00f3n puede ser tanto presencial como virtual. La Municipalidad cuenta con un Punto Progresar para responder las consultas sobre las Becas. En la Secretar\u00eda de Desarrollo Social (ex estaci\u00f3n de trenes) inscriben para acceder a [&hellip;]<\/p>\n","protected":false},"author":3,"featured_media":5257,"comment_status":"open","ping_status":"open","sticky":false,"template":"","format":"standard","meta":{"_jetpack_memberships_contains_paid_content":false,"footnotes":"","jetpack_publicize_message":"","jetpack_publicize_feature_enabled":true,"jetpack_social_post_already_shared":true,"jetpack_social_options":{"image_generator_settings":{"template":"highway","default_image_id":0,"enabled":false},"version":2}},"categories":[176],"tags":[60,331,1129],"class_list":["post-5256","post","type-post","status-publish","format-standard","has-post-thumbnail","hentry","category-educacion","tag-60","tag-concepcion-del-uruguay","tag-progresar"],"jetpack_publicize_connections":[],"jetpack_featured_media_url":"https:\/\/3260.com.ar\/web\/wp-content\/uploads\/2023\/03\/programa_progresar.jpg","jetpack_sharing_enabled":true,"_links":{"self":[{"href":"https:\/\/3260.com.ar\/web\/wp-json\/wp\/v2\/posts\/5256","targetHints":{"allow":["GET"]}}],"collection":[{"href":"https:\/\/3260.com.ar\/web\/wp-json\/wp\/v2\/posts"}],"about":[{"href":"https:\/\/3260.com.ar\/web\/wp-json\/wp\/v2\/types\/post"}],"author":[{"embeddable":true,"href":"https:\/\/3260.com.ar\/web\/wp-json\/wp\/v2\/users\/3"}],"replies":[{"embeddable":true,"href":"https:\/\/3260.com.ar\/web\/wp-json\/wp\/v2\/comments?post=5256"}],"version-history":[{"count":0,"href":"https:\/\/3260.com.ar\/web\/wp-json\/wp\/v2\/posts\/5256\/revisions"}],"wp:featuredmedia":[{"embeddable":true,"href":"https:\/\/3260.com.ar\/web\/wp-json\/wp\/v2\/media\/5257"}],"wp:attachment":[{"href":"https:\/\/3260.com.ar\/web\/wp-json\/wp\/v2\/media?parent=5256"}],"wp:term":[{"taxonomy":"category","embeddable":true,"href":"https:\/\/3260.com.ar\/web\/wp-json\/wp\/v2\/categories?post=5256"},{"taxonomy":"post_tag","embeddable":true,"href":"https:\/\/3260.com.ar\/web\/wp-json\/wp\/v2\/tags?post=5256"}],"curies":[{"name":"wp","href":"https:\/\/api.w.org\/{rel}","templated":true}]}}