{"id":5398,"date":"2023-04-26T16:23:49","date_gmt":"2023-04-26T19:23:49","guid":{"rendered":"https:\/\/3260.com.ar\/web\/?p=5398"},"modified":"2023-04-26T16:23:53","modified_gmt":"2023-04-26T19:23:53","slug":"concepcion-del-uruguay-intensa-actividad-deportiva","status":"publish","type":"post","link":"https:\/\/3260.com.ar\/web\/concepcion-del-uruguay-intensa-actividad-deportiva\/","title":{"rendered":"Concepci\u00f3n del Uruguay, intensa actividad deportiva."},"content":{"rendered":"\n<p>La CAPITAL HIST\u00d3RICA DE ENTRE RIOS, Concepci\u00f3n del Uruguay sigue con variada e intensa actividad en el aspecto deportivo con direcot impacto en lo tur\u00edstico.<\/p>\n\n\n\n<p>El pr\u00f3ximo fin de semana, ser\u00e1 anfitriona -entre otros eventos- de la llegada de la categor\u00eda m\u00e1s convocante del deporte motor a nivel nacional. El TC, arriba al aut\u00f3dromo de la ciudad con una presentaci\u00f3n que en s\u00ed misma fue resonante, nada m\u00e1s y nada menos que el CONGRESO DE LA NACI\u00d3N, fue el lugar donde la ACTC anunci\u00f3 oficialmente el lanzamiento de la fecha del pr\u00f3ximo 29 y 30 de abril carrera que tendr\u00e1 como sponsor principal a la aseguradroa local RIO URUGUAY SEGUROS.<\/p>\n\n\n\n<p>Dem\u00e1s est\u00e1 decir que se esperan decenas de miles de seguidores del automovilismo nacional y de los pa\u00edses lim\u00edtrofes que llegar\u00e1n al aut\u00f3dromo de la hist\u00f3rica.<\/p>\n\n\n\n<p>En otro orden de actividades en otros lugares de Concepci\u00f3n del Uruguay habr\u00e1:<\/p>\n\n\n\n<ul class=\"wp-block-list\"><li>Atletismo. S\u00e1bado 29 de abril, en el Centro de Educaci\u00f3n F\u00edsica N\u00ba 3. Provincial de mayores MATCH   U18<\/li><li>CROSSFIT, en el Centro de Educaci\u00f3n F\u00ecsica N\u00ba 3.  Domingo 30 de abril. Franja horaria de 9 a 19 hs.-<\/li><li>Apertura del CIRCUITO DE MARATONES. Primera fecha, 119 aniversario del Club Regatas Uruguay.  Actividad a realizarse el 1\u00ba de mayo desde las 10,30 hs.<\/li><li><\/li><\/ul>\n\n\n\n<p> <\/p>\n","protected":false},"excerpt":{"rendered":"<p>La CAPITAL HIST\u00d3RICA DE ENTRE RIOS, Concepci\u00f3n del Uruguay sigue con variada e intensa actividad en el aspecto deportivo con direcot impacto en lo tur\u00edstico. El pr\u00f3ximo fin de semana, ser\u00e1 anfitriona -entre otros eventos- de la llegada de la categor\u00eda m\u00e1s convocante del deporte motor a nivel nacional. El TC, arriba al aut\u00f3dromo de [&hellip;]<\/p>\n","protected":false},"author":3,"featured_media":5399,"comment_status":"open","ping_status":"open","sticky":false,"template":"","format":"standard","meta":{"_jetpack_memberships_contains_paid_content":false,"footnotes":"","jetpack_publicize_message":"","jetpack_publicize_feature_enabled":true,"jetpack_social_post_already_shared":true,"jetpack_social_options":{"image_generator_settings":{"template":"highway","default_image_id":0,"enabled":false},"version":2}},"categories":[173],"tags":[60,1503,1628],"class_list":["post-5398","post","type-post","status-publish","format-standard","has-post-thumbnail","hentry","category-deportes","tag-60","tag-direccion-de-deportes-muninicipalidad-concecpion-del-uruguay","tag-rus-deportes"],"jetpack_publicize_connections":[],"jetpack_featured_media_url":"https:\/\/3260.com.ar\/web\/wp-content\/uploads\/2023\/04\/tc2023.jpg","jetpack_sharing_enabled":true,"_links":{"self":[{"href":"https:\/\/3260.com.ar\/web\/wp-json\/wp\/v2\/posts\/5398","targetHints":{"allow":["GET"]}}],"collection":[{"href":"https:\/\/3260.com.ar\/web\/wp-json\/wp\/v2\/posts"}],"about":[{"href":"https:\/\/3260.com.ar\/web\/wp-json\/wp\/v2\/types\/post"}],"author":[{"embeddable":true,"href":"https:\/\/3260.com.ar\/web\/wp-json\/wp\/v2\/users\/3"}],"replies":[{"embeddable":true,"href":"https:\/\/3260.com.ar\/web\/wp-json\/wp\/v2\/comments?post=5398"}],"version-history":[{"count":0,"href":"https:\/\/3260.com.ar\/web\/wp-json\/wp\/v2\/posts\/5398\/revisions"}],"wp:featuredmedia":[{"embeddable":true,"href":"https:\/\/3260.com.ar\/web\/wp-json\/wp\/v2\/media\/5399"}],"wp:attachment":[{"href":"https:\/\/3260.com.ar\/web\/wp-json\/wp\/v2\/media?parent=5398"}],"wp:term":[{"taxonomy":"category","embeddable":true,"href":"https:\/\/3260.com.ar\/web\/wp-json\/wp\/v2\/categories?post=5398"},{"taxonomy":"post_tag","embeddable":true,"href":"https:\/\/3260.com.ar\/web\/wp-json\/wp\/v2\/tags?post=5398"}],"curies":[{"name":"wp","href":"https:\/\/api.w.org\/{rel}","templated":true}]}}