{"id":5503,"date":"2023-05-23T00:31:35","date_gmt":"2023-05-23T03:31:35","guid":{"rendered":"https:\/\/3260.com.ar\/web\/?p=5503"},"modified":"2023-05-23T00:31:39","modified_gmt":"2023-05-23T03:31:39","slug":"xxi-edicion-de-los-grand-prix-sudamericanos-2023-en-concepcion-del-uruguay","status":"publish","type":"post","link":"https:\/\/3260.com.ar\/web\/xxi-edicion-de-los-grand-prix-sudamericanos-2023-en-concepcion-del-uruguay\/","title":{"rendered":"XXI\u00b0 Edici\u00f3n de los Grand Prix Sudamericanos\u00a02023, en Concepci\u00f3n del Uruguay."},"content":{"rendered":"\n<p>La Confederacion Argentina de Atletismo anuncia la correcci\u00f3n de las fechas de dos de los&nbsp;<strong>Grand Prix Sudamericanos<\/strong>, previstos en Argentina, a los a fines de asegurar el mejor nivel competitivo y brindar mejores posibilidades a los atletas nacionales y extranjeros, con acuerdo de Atletismo Sudamericano.<\/p>\n\n\n\n<p>\u201c<em>Como es de conocimiento p\u00fablico se produc\u00eda una superposici\u00f3n con las fechas establecidas por nuestra organizaci\u00f3n con otros similares y hemos concluido que es necesario encontrar una soluci\u00f3n que no perjudique a los atletas de nuestros pa\u00edses.\u201d<\/em><\/p>\n\n\n\n<p>La\u00a0<strong>XXI\u00b0 Edici\u00f3n de los Grand Prix Sudamericanos<\/strong>\u00a0<strong>2023<\/strong>, con sus tres etapas ser\u00e1 as\u00ed\u00a0<strong>GPS \u201cAndres Calonje\u201d<\/strong>\u00a0el\u00a0<strong>9 de junio<\/strong>\u00a0y el\u00a0<strong>GPS \u201cHugo Mario La Nasa\u201d<\/strong>\u00a0<strong>el 11 de junio<\/strong>\u00a0ambos en Concepci\u00f3n del Uruguay. El tercer GPS se disputara en la fecha prevista del\u00a0<strong>1 de octubre<\/strong>\u00a0en Mar del Plata y llevar\u00e1 el nombre de\u00a0<strong>GPS \u201cJuan Carlos Dyrzka\u201d<\/strong>.<\/p>\n\n\n\n<p>En pr\u00f3ximas publicaciones ampliaremos los alcances de esta nueva presencia del mejor ATLETISMO SUDAMERICANO en Concepci\u00f3n del Uruguay.<\/p>\n","protected":false},"excerpt":{"rendered":"<p>La Confederacion Argentina de Atletismo anuncia la correcci\u00f3n de las fechas de dos de los&nbsp;Grand Prix Sudamericanos, previstos en Argentina, a los a fines de asegurar el mejor nivel competitivo y brindar mejores posibilidades a los atletas nacionales y extranjeros, con acuerdo de Atletismo Sudamericano. \u201cComo es de conocimiento p\u00fablico se produc\u00eda una superposici\u00f3n con [&hellip;]<\/p>\n","protected":false},"author":3,"featured_media":5504,"comment_status":"open","ping_status":"open","sticky":false,"template":"","format":"standard","meta":{"_jetpack_memberships_contains_paid_content":false,"footnotes":"","jetpack_publicize_message":"","jetpack_publicize_feature_enabled":true,"jetpack_social_post_already_shared":true,"jetpack_social_options":{"image_generator_settings":{"template":"highway","default_image_id":0,"enabled":false},"version":2}},"categories":[173],"tags":[60,1347,1503,1662],"class_list":["post-5503","post","type-post","status-publish","format-standard","has-post-thumbnail","hentry","category-deportes","tag-60","tag-cef-3","tag-direccion-de-deportes-muninicipalidad-concecpion-del-uruguay","tag-xxi-edicion-grand-prix-sudamericano"],"jetpack_publicize_connections":[],"jetpack_featured_media_url":"https:\/\/3260.com.ar\/web\/wp-content\/uploads\/2023\/05\/GrandPrixSudamericano2023.jpg","jetpack_sharing_enabled":true,"_links":{"self":[{"href":"https:\/\/3260.com.ar\/web\/wp-json\/wp\/v2\/posts\/5503","targetHints":{"allow":["GET"]}}],"collection":[{"href":"https:\/\/3260.com.ar\/web\/wp-json\/wp\/v2\/posts"}],"about":[{"href":"https:\/\/3260.com.ar\/web\/wp-json\/wp\/v2\/types\/post"}],"author":[{"embeddable":true,"href":"https:\/\/3260.com.ar\/web\/wp-json\/wp\/v2\/users\/3"}],"replies":[{"embeddable":true,"href":"https:\/\/3260.com.ar\/web\/wp-json\/wp\/v2\/comments?post=5503"}],"version-history":[{"count":0,"href":"https:\/\/3260.com.ar\/web\/wp-json\/wp\/v2\/posts\/5503\/revisions"}],"wp:featuredmedia":[{"embeddable":true,"href":"https:\/\/3260.com.ar\/web\/wp-json\/wp\/v2\/media\/5504"}],"wp:attachment":[{"href":"https:\/\/3260.com.ar\/web\/wp-json\/wp\/v2\/media?parent=5503"}],"wp:term":[{"taxonomy":"category","embeddable":true,"href":"https:\/\/3260.com.ar\/web\/wp-json\/wp\/v2\/categories?post=5503"},{"taxonomy":"post_tag","embeddable":true,"href":"https:\/\/3260.com.ar\/web\/wp-json\/wp\/v2\/tags?post=5503"}],"curies":[{"name":"wp","href":"https:\/\/api.w.org\/{rel}","templated":true}]}}