{"id":5516,"date":"2023-05-27T20:00:11","date_gmt":"2023-05-27T23:00:11","guid":{"rendered":"https:\/\/3260.com.ar\/web\/?p=5516"},"modified":"2023-05-27T20:00:15","modified_gmt":"2023-05-27T23:00:15","slug":"28-de-mayodia-de-la-maestra-jardinera-y-de-los-jardines-de-intantes","status":"publish","type":"post","link":"https:\/\/3260.com.ar\/web\/28-de-mayodia-de-la-maestra-jardinera-y-de-los-jardines-de-intantes\/","title":{"rendered":"28 de mayo,\u00bbD\u00eda de la maestra jardinera y de los Jardines de Intantes\u00bb."},"content":{"rendered":"\n<p><strong>El D\u00eda de los jardines de infantes y de la Maestra Jardinera se celebra cada 28 de mayo en memoria de Rosario Vera Pe\u00f1aloza<\/strong>, quien falleciera un 28 de mayo de 1950.\u00a0<strong>La educadora y pedagoga nacida en La Rioja fund\u00f3 el primer jard\u00edn de infantes argentino<\/strong>, instituciones que hasta el d\u00eda de hoy forman parte del primer nivel del sistema educativo.<\/p>\n\n\n\n<p><strong>Vera Pe\u00f1aloza, quien fue conocida como la Maestra de la Patria, naci\u00f3 el 25 de diciembre de 1873 en el pueblo de Atiles<\/strong>, La Rioja. Dedic\u00f3 su vida a la ense\u00f1anza y dej\u00f3 una huella imborrable en la Educaci\u00f3n del pa\u00eds. Finalmente\u00a0<strong>falleci\u00f3 el 28 de mayo de 1950, fecha que se tom\u00f3 para esta celebraci\u00f3n y que fue institucionalizada formalmente el 15 de septiembre de 1971.<\/strong><\/p>\n\n\n\n<p>La Ley N\u00b0 27059 de diciembre de 2014 estableci\u00f3\u00a0<strong>\u00abEl 28 de mayo de cada a\u00f1o, como el D\u00eda Nacional del Docente de Nivel Inicial\u00bb<\/strong>, en conmemoraci\u00f3n a la gran pedagoga argentina Rosario Vera Pe\u00f1aloza.<\/p>\n","protected":false},"excerpt":{"rendered":"<p>El D\u00eda de los jardines de infantes y de la Maestra Jardinera se celebra cada 28 de mayo en memoria de Rosario Vera Pe\u00f1aloza, quien falleciera un 28 de mayo de 1950.\u00a0La educadora y pedagoga nacida en La Rioja fund\u00f3 el primer jard\u00edn de infantes argentino, instituciones que hasta el d\u00eda de hoy forman parte [&hellip;]<\/p>\n","protected":false},"author":3,"featured_media":5517,"comment_status":"open","ping_status":"open","sticky":false,"template":"","format":"standard","meta":{"_jetpack_memberships_contains_paid_content":false,"footnotes":"","jetpack_publicize_message":"","jetpack_publicize_feature_enabled":true,"jetpack_social_post_already_shared":true,"jetpack_social_options":{"image_generator_settings":{"template":"highway","default_image_id":0,"enabled":false},"version":2}},"categories":[176],"tags":[60,1666,1665,1667],"class_list":["post-5516","post","type-post","status-publish","format-standard","has-post-thumbnail","hentry","category-educacion","tag-60","tag-dia-de-la-maestra-jardinera","tag-dia-de-los-jardines-de-infantes","tag-rosario-vera-penaloza"],"jetpack_publicize_connections":[],"jetpack_featured_media_url":"https:\/\/3260.com.ar\/web\/wp-content\/uploads\/2023\/05\/Dia-Jardin-de-infantes.jpg","jetpack_sharing_enabled":true,"_links":{"self":[{"href":"https:\/\/3260.com.ar\/web\/wp-json\/wp\/v2\/posts\/5516","targetHints":{"allow":["GET"]}}],"collection":[{"href":"https:\/\/3260.com.ar\/web\/wp-json\/wp\/v2\/posts"}],"about":[{"href":"https:\/\/3260.com.ar\/web\/wp-json\/wp\/v2\/types\/post"}],"author":[{"embeddable":true,"href":"https:\/\/3260.com.ar\/web\/wp-json\/wp\/v2\/users\/3"}],"replies":[{"embeddable":true,"href":"https:\/\/3260.com.ar\/web\/wp-json\/wp\/v2\/comments?post=5516"}],"version-history":[{"count":0,"href":"https:\/\/3260.com.ar\/web\/wp-json\/wp\/v2\/posts\/5516\/revisions"}],"wp:featuredmedia":[{"embeddable":true,"href":"https:\/\/3260.com.ar\/web\/wp-json\/wp\/v2\/media\/5517"}],"wp:attachment":[{"href":"https:\/\/3260.com.ar\/web\/wp-json\/wp\/v2\/media?parent=5516"}],"wp:term":[{"taxonomy":"category","embeddable":true,"href":"https:\/\/3260.com.ar\/web\/wp-json\/wp\/v2\/categories?post=5516"},{"taxonomy":"post_tag","embeddable":true,"href":"https:\/\/3260.com.ar\/web\/wp-json\/wp\/v2\/tags?post=5516"}],"curies":[{"name":"wp","href":"https:\/\/api.w.org\/{rel}","templated":true}]}}