{"id":5628,"date":"2023-06-27T15:46:58","date_gmt":"2023-06-27T18:46:58","guid":{"rendered":"https:\/\/3260.com.ar\/web\/?p=5628"},"modified":"2023-06-27T15:47:03","modified_gmt":"2023-06-27T18:47:03","slug":"semana-del-orgullo","status":"publish","type":"post","link":"https:\/\/3260.com.ar\/web\/semana-del-orgullo\/","title":{"rendered":"Semana del ORGULLO."},"content":{"rendered":"\n<p>La Direcci\u00f3n de la Mujeres, G\u00e9neros y Diversidad perteneciente a la Secretar\u00eda de Desarrollo Social y Educaci\u00f3n de la Municipalidad de Concepci\u00f3n del Uruguay ofrece propuestas para la comunidad en ocasi\u00f3n de la semana del orgullo.<\/p>\n\n\n\n<ul class=\"wp-block-list\">\n<li>Pintada por el d\u00eda Internacional del Orgullo.<\/li>\n\n\n\n<li>Merienda del Orgullo, a realizarse el 1\/7\/2023 a las 15 hs en el SUM del Barrio La Higuera<\/li>\n\n\n\n<li>Acto Institucional en la plazoleta de los DDHH, el 4\/7\/2023 a las 11 hs.<\/li>\n<\/ul>\n","protected":false},"excerpt":{"rendered":"<p>La Direcci\u00f3n de la Mujeres, G\u00e9neros y Diversidad perteneciente a la Secretar\u00eda de Desarrollo Social y Educaci\u00f3n de la Municipalidad de Concepci\u00f3n del Uruguay ofrece propuestas para la comunidad en ocasi\u00f3n de la semana del orgullo.<\/p>\n","protected":false},"author":2,"featured_media":5629,"comment_status":"open","ping_status":"open","sticky":false,"template":"","format":"standard","meta":{"_jetpack_memberships_contains_paid_content":false,"footnotes":"","jetpack_publicize_message":"","jetpack_publicize_feature_enabled":true,"jetpack_social_post_already_shared":true,"jetpack_social_options":{"image_generator_settings":{"template":"highway","default_image_id":0,"enabled":false},"version":2}},"categories":[174],"tags":[60,1711],"class_list":["post-5628","post","type-post","status-publish","format-standard","has-post-thumbnail","hentry","category-cultura","tag-60","tag-semana-del-orgullo"],"jetpack_publicize_connections":[],"jetpack_featured_media_url":"https:\/\/3260.com.ar\/web\/wp-content\/uploads\/2023\/06\/orgullo.jpeg","jetpack_sharing_enabled":true,"_links":{"self":[{"href":"https:\/\/3260.com.ar\/web\/wp-json\/wp\/v2\/posts\/5628","targetHints":{"allow":["GET"]}}],"collection":[{"href":"https:\/\/3260.com.ar\/web\/wp-json\/wp\/v2\/posts"}],"about":[{"href":"https:\/\/3260.com.ar\/web\/wp-json\/wp\/v2\/types\/post"}],"author":[{"embeddable":true,"href":"https:\/\/3260.com.ar\/web\/wp-json\/wp\/v2\/users\/2"}],"replies":[{"embeddable":true,"href":"https:\/\/3260.com.ar\/web\/wp-json\/wp\/v2\/comments?post=5628"}],"version-history":[{"count":0,"href":"https:\/\/3260.com.ar\/web\/wp-json\/wp\/v2\/posts\/5628\/revisions"}],"wp:featuredmedia":[{"embeddable":true,"href":"https:\/\/3260.com.ar\/web\/wp-json\/wp\/v2\/media\/5629"}],"wp:attachment":[{"href":"https:\/\/3260.com.ar\/web\/wp-json\/wp\/v2\/media?parent=5628"}],"wp:term":[{"taxonomy":"category","embeddable":true,"href":"https:\/\/3260.com.ar\/web\/wp-json\/wp\/v2\/categories?post=5628"},{"taxonomy":"post_tag","embeddable":true,"href":"https:\/\/3260.com.ar\/web\/wp-json\/wp\/v2\/tags?post=5628"}],"curies":[{"name":"wp","href":"https:\/\/api.w.org\/{rel}","templated":true}]}}