{"id":5636,"date":"2023-06-27T16:42:11","date_gmt":"2023-06-27T19:42:11","guid":{"rendered":"https:\/\/3260.com.ar\/web\/?p=5636"},"modified":"2023-06-27T16:42:11","modified_gmt":"2023-06-27T19:42:11","slug":"presentacion-del-libro-la-verdad-los-hara-libres","status":"publish","type":"post","link":"https:\/\/3260.com.ar\/web\/presentacion-del-libro-la-verdad-los-hara-libres\/","title":{"rendered":"Presentaci\u00f3n del libro: \u00abLa verdad los har\u00e1 libres\u00bb."},"content":{"rendered":"\n<p>La tem\u00e1tica que abordan los dos tomos refieren a  \u00abLa iglesia cat\u00f3lica en la espiral de violencia  entre 1966\/86 -TomoI-; 1976\/83 &#8211; Tomo I\u00bb<\/p>\n\n\n\n<p>Ser\u00e1 en la Bas\u00edlica de la Inmaculada Concepci\u00f3n el 28 de junio de 2023 desde las 19.30 hs , disertar\u00e1n  el Pbro Luis Liberti y la Hna Zulema Ramirez.<\/p>\n","protected":false},"excerpt":{"rendered":"<p>Presentaci\u00f3n del libro: \u00abLa verdad los har\u00e1 libres\u00bb.<\/p>\n","protected":false},"author":2,"featured_media":5638,"comment_status":"open","ping_status":"open","sticky":false,"template":"","format":"standard","meta":{"_jetpack_memberships_contains_paid_content":false,"footnotes":"","jetpack_publicize_message":"","jetpack_publicize_feature_enabled":true,"jetpack_social_post_already_shared":true,"jetpack_social_options":{"image_generator_settings":{"template":"highway","default_image_id":0,"enabled":false},"version":2}},"categories":[174],"tags":[60,1714],"class_list":["post-5636","post","type-post","status-publish","format-standard","has-post-thumbnail","hentry","category-cultura","tag-60","tag-la-verdad-los-hara-libres"],"jetpack_publicize_connections":[],"jetpack_featured_media_url":"https:\/\/3260.com.ar\/web\/wp-content\/uploads\/2023\/06\/La-verdad-1.jpeg","jetpack_sharing_enabled":true,"_links":{"self":[{"href":"https:\/\/3260.com.ar\/web\/wp-json\/wp\/v2\/posts\/5636","targetHints":{"allow":["GET"]}}],"collection":[{"href":"https:\/\/3260.com.ar\/web\/wp-json\/wp\/v2\/posts"}],"about":[{"href":"https:\/\/3260.com.ar\/web\/wp-json\/wp\/v2\/types\/post"}],"author":[{"embeddable":true,"href":"https:\/\/3260.com.ar\/web\/wp-json\/wp\/v2\/users\/2"}],"replies":[{"embeddable":true,"href":"https:\/\/3260.com.ar\/web\/wp-json\/wp\/v2\/comments?post=5636"}],"version-history":[{"count":0,"href":"https:\/\/3260.com.ar\/web\/wp-json\/wp\/v2\/posts\/5636\/revisions"}],"wp:featuredmedia":[{"embeddable":true,"href":"https:\/\/3260.com.ar\/web\/wp-json\/wp\/v2\/media\/5638"}],"wp:attachment":[{"href":"https:\/\/3260.com.ar\/web\/wp-json\/wp\/v2\/media?parent=5636"}],"wp:term":[{"taxonomy":"category","embeddable":true,"href":"https:\/\/3260.com.ar\/web\/wp-json\/wp\/v2\/categories?post=5636"},{"taxonomy":"post_tag","embeddable":true,"href":"https:\/\/3260.com.ar\/web\/wp-json\/wp\/v2\/tags?post=5636"}],"curies":[{"name":"wp","href":"https:\/\/api.w.org\/{rel}","templated":true}]}}