{"id":5706,"date":"2023-07-14T00:00:00","date_gmt":"2023-07-14T03:00:00","guid":{"rendered":"https:\/\/3260.com.ar\/web\/?p=5706"},"modified":"2023-07-12T20:52:07","modified_gmt":"2023-07-12T23:52:07","slug":"uader-inscripciones-abiertas-para-el-ciclo-2024","status":"publish","type":"post","link":"https:\/\/3260.com.ar\/web\/uader-inscripciones-abiertas-para-el-ciclo-2024\/","title":{"rendered":"UADER, inscripciones abiertas para el ciclo 2024."},"content":{"rendered":"\n<p>La Facultad de Ciencia y Tecnolog\u00eda de la Universidad Aut\u00f3noma de Entre R\u00edos (sede Concepci\u00f3n del Uruguay) abri\u00f3 las inscripciones para el per\u00edodo lectivo 2024.<\/p>\n\n\n\n<p>Algunas de las carreras que se dictan en la Facultad de Ciencia y Tecnolog\u00eda Sede Concepci\u00f3n del Uruguay:<\/p>\n\n\n\n<p><a><\/a><img loading=\"lazy\" decoding=\"async\" height=\"16\" width=\"16\" alt=\"&#x2714;\" src=\"https:\/\/static.xx.fbcdn.net\/images\/emoji.php\/v9\/t51\/1\/16\/2714.png\">Ingenier\u00eda en Telecomunicaciones<\/p>\n\n\n\n<p><img loading=\"lazy\" decoding=\"async\" height=\"16\" width=\"16\" alt=\"&#x2714;\" src=\"https:\/\/static.xx.fbcdn.net\/images\/emoji.php\/v9\/t51\/1\/16\/2714.png\">Licenciatura en Automatizaci\u00f3n y Control de Procesos Industriales<\/p>\n\n\n\n<p><img loading=\"lazy\" decoding=\"async\" height=\"16\" width=\"16\" alt=\"&#x2714;\" src=\"https:\/\/static.xx.fbcdn.net\/images\/emoji.php\/v9\/t51\/1\/16\/2714.png\">Licenciatura en Sistemas de Informaci\u00f3n<\/p>\n\n\n\n<p><img loading=\"lazy\" decoding=\"async\" height=\"16\" width=\"16\" alt=\"&#x2714;\" src=\"https:\/\/static.xx.fbcdn.net\/images\/emoji.php\/v9\/t51\/1\/16\/2714.png\">Analista de Sistemas<\/p>\n\n\n\n<p><img loading=\"lazy\" decoding=\"async\" height=\"16\" width=\"16\" alt=\"&#x2714;\" src=\"https:\/\/static.xx.fbcdn.net\/images\/emoji.php\/v9\/t51\/1\/16\/2714.png\">Profesorado en Biolog\u00eda<\/p>\n\n\n\n<p><img loading=\"lazy\" decoding=\"async\" height=\"16\" width=\"16\" alt=\"&#x2714;\" src=\"https:\/\/static.xx.fbcdn.net\/images\/emoji.php\/v9\/t51\/1\/16\/2714.png\">Profesorado en F\u00edsica<\/p>\n\n\n\n<p><img loading=\"lazy\" decoding=\"async\" height=\"16\" width=\"16\" alt=\"&#x2714;\" src=\"https:\/\/static.xx.fbcdn.net\/images\/emoji.php\/v9\/t51\/1\/16\/2714.png\">Profesorado en Matem\u00e1tica<\/p>\n\n\n\n<p><img loading=\"lazy\" decoding=\"async\" height=\"16\" width=\"16\" src=\"https:\/\/static.xx.fbcdn.net\/images\/emoji.php\/v9\/t51\/1\/16\/2714.png\" alt=\"&#x2714;\">Profesorado en Qu\u00edmica<\/p>\n\n\n\n<p>Sobre el curso de ingreso extensivo: Comenzar\u00e1 el 15 de agosto del 2023 y finalizar\u00e1 la primera semana de noviembre del mismo a\u00f1o, y su forma de cursado ser\u00e1 combinado: presencial y virtual. El mismo es de car\u00e1cter obligatorio, pero no eliminatorio, habiendo otra nueva instancia de ingreso en febrero del 2024, bajo la modalidad intensiva, en caso de no realizar el extensivo.<\/p>\n\n\n\n<p><img loading=\"lazy\" decoding=\"async\" height=\"16\" width=\"16\" src=\"https:\/\/static.xx.fbcdn.net\/images\/emoji.php\/v9\/taa\/1\/16\/1f310.png\" alt=\"&#x1f310;\"> Toda la info: <a href=\"https:\/\/fcytcdelu.uader.edu.ar\/ingreso2024?fbclid=IwAR2Cvg4CRfSxDVcRRmZ5d8zZLf7OAm0grENaUY6HQQgyaiboNJv17SBbvJs\" target=\"_blank\" rel=\"noreferrer noopener\">https:\/\/fcytcdelu.uader.edu.ar\/ingreso2024<\/a><\/p>\n","protected":false},"excerpt":{"rendered":"<p>La Facultad de Ciencia y Tecnolog\u00eda de la Universidad Aut\u00f3noma de Entre R\u00edos (sede Concepci\u00f3n del Uruguay) abri\u00f3 las inscripciones para el per\u00edodo lectivo 2024. Algunas de las carreras que se dictan en la Facultad de Ciencia y Tecnolog\u00eda Sede Concepci\u00f3n del Uruguay: Ingenier\u00eda en Telecomunicaciones Licenciatura en Automatizaci\u00f3n y Control de Procesos Industriales Licenciatura [&hellip;]<\/p>\n","protected":false},"author":2,"featured_media":5707,"comment_status":"open","ping_status":"open","sticky":false,"template":"","format":"standard","meta":{"_jetpack_memberships_contains_paid_content":false,"footnotes":"","jetpack_publicize_message":"","jetpack_publicize_feature_enabled":true,"jetpack_social_post_already_shared":true,"jetpack_social_options":{"image_generator_settings":{"template":"highway","default_image_id":0,"enabled":false},"version":2}},"categories":[176],"tags":[60,1727,494],"class_list":["post-5706","post","type-post","status-publish","format-standard","has-post-thumbnail","hentry","category-educacion","tag-60","tag-facultad-de-ciencia-y-tecnologia","tag-uader"],"jetpack_publicize_connections":[],"jetpack_featured_media_url":"https:\/\/3260.com.ar\/web\/wp-content\/uploads\/2023\/07\/Uader-Ingreso-2024.jpg","jetpack_sharing_enabled":true,"_links":{"self":[{"href":"https:\/\/3260.com.ar\/web\/wp-json\/wp\/v2\/posts\/5706","targetHints":{"allow":["GET"]}}],"collection":[{"href":"https:\/\/3260.com.ar\/web\/wp-json\/wp\/v2\/posts"}],"about":[{"href":"https:\/\/3260.com.ar\/web\/wp-json\/wp\/v2\/types\/post"}],"author":[{"embeddable":true,"href":"https:\/\/3260.com.ar\/web\/wp-json\/wp\/v2\/users\/2"}],"replies":[{"embeddable":true,"href":"https:\/\/3260.com.ar\/web\/wp-json\/wp\/v2\/comments?post=5706"}],"version-history":[{"count":0,"href":"https:\/\/3260.com.ar\/web\/wp-json\/wp\/v2\/posts\/5706\/revisions"}],"wp:featuredmedia":[{"embeddable":true,"href":"https:\/\/3260.com.ar\/web\/wp-json\/wp\/v2\/media\/5707"}],"wp:attachment":[{"href":"https:\/\/3260.com.ar\/web\/wp-json\/wp\/v2\/media?parent=5706"}],"wp:term":[{"taxonomy":"category","embeddable":true,"href":"https:\/\/3260.com.ar\/web\/wp-json\/wp\/v2\/categories?post=5706"},{"taxonomy":"post_tag","embeddable":true,"href":"https:\/\/3260.com.ar\/web\/wp-json\/wp\/v2\/tags?post=5706"}],"curies":[{"name":"wp","href":"https:\/\/api.w.org\/{rel}","templated":true}]}}