{"id":5761,"date":"2023-07-28T00:00:00","date_gmt":"2023-07-28T03:00:00","guid":{"rendered":"https:\/\/3260.com.ar\/web\/?p=5761"},"modified":"2023-07-27T19:35:07","modified_gmt":"2023-07-27T22:35:07","slug":"dia-del-arbol-entrerriano","status":"publish","type":"post","link":"https:\/\/3260.com.ar\/web\/dia-del-arbol-entrerriano\/","title":{"rendered":"D\u00eda del \u00c1rbol Entrerriano"},"content":{"rendered":"\n<p>Con el prop\u00f3sito de darle a los \u00e1rboles nativos una valoraci\u00f3n econ\u00f3mica, nutritiva y social, se conmemora desde 1901, cada 28 de julio, el D\u00eda del \u00c1rbol Entrerriano.<\/p>\n\n\n\n<p>La fecha fue instaurada a trav\u00e9s de la ley 1.476 -sancionada en 1901- y en homenaje al Colegio de Concepci\u00f3n del Uruguay, fundado por Justo Jos\u00e9 de Urquiza.<\/p>\n\n\n\n<p><strong>Leyes que contemplan el cuidado del bosque<\/strong><\/p>\n\n\n\n<p>Actualmente se encuentran vigentes leyes a nivel nacional y provincial que promueven acciones tendientes a la protecci\u00f3n, conservaci\u00f3n y promoci\u00f3n de los bosques. Es el caso de la ley nacional 26.331 de \u00abPresupuestos M\u00ednimos de Protecci\u00f3n Ambiental de los Bosques Nativos\u00bb y de la ley provincial 10.284, la cual complementa la legislaci\u00f3n nacional y establece disposiciones espec\u00edficas para la protecci\u00f3n y conservaci\u00f3n de los bosques en nuestra provincia.<\/p>\n\n\n\n<p>Estas leyes han sido concebidas con el objetivo fundamental de preservar la riqueza y diversidad biol\u00f3gica de nuestros bosques nativos, salvaguardando su flora, fauna y ecosistemas asociados, as\u00ed como tambi\u00e9n promoviendo un desarrollo sostenible y respetuoso con el medio ambiente.<\/p>\n\n\n\n<p>En la provincia est\u00e1 en funcionamiento el programa provincial de Bosques Nativos -que se enmarca en las leyes 26.331, 10.284 y la resoluci\u00f3n 165\/23 anexa- que premia aquellos tenedores de tierras que preservan el bosque nativo. Dicha resoluci\u00f3n compensa a aquellos productores por el cuidado y preservaci\u00f3n del bosque nativo a trav\u00e9s de un Aporte No Reintegrable (ANR).<\/p>\n\n\n\n<p>Conscientes de la importancia de esta protecci\u00f3n, desde la provincia, se insta a tomar conciencia del rol que ocupan los \u00e1rboles, como guardianes de los recursos naturales y a cumplir con el marco legal establecido para asegurar la preservaci\u00f3n de los bosques nativos.<\/p>\n\n\n\n<p>En este sentido, es crucial llevar a cabo una adecuada socializaci\u00f3n de estas leyes entre los ciudadanos de cada localidad. La participaci\u00f3n activa y el compromiso de la comunidad son fundamentales para el \u00e9xito de cualquier esfuerzo de conservaci\u00f3n y preservaci\u00f3n. Proteger y preservar este patrimonio natural invaluable para el bienestar de todos es una tarea colectiva.<\/p>\n\n\n\n<p><\/p>\n","protected":false},"excerpt":{"rendered":"<p>Con el prop\u00f3sito de darle a los \u00e1rboles nativos una valoraci\u00f3n econ\u00f3mica, nutritiva y social, se conmemora desde 1901, cada 28 de julio, el D\u00eda del \u00c1rbol Entrerriano. La fecha fue instaurada a trav\u00e9s de la ley 1.476 -sancionada en 1901- y en homenaje al Colegio de Concepci\u00f3n del Uruguay, fundado por Justo Jos\u00e9 de [&hellip;]<\/p>\n","protected":false},"author":2,"featured_media":5762,"comment_status":"open","ping_status":"open","sticky":false,"template":"","format":"standard","meta":{"_jetpack_memberships_contains_paid_content":false,"footnotes":"","jetpack_publicize_message":"","jetpack_publicize_feature_enabled":true,"jetpack_social_post_already_shared":true,"jetpack_social_options":{"image_generator_settings":{"template":"highway","default_image_id":0,"enabled":false},"version":2}},"categories":[174],"tags":[60,1745,1746],"class_list":["post-5761","post","type-post","status-publish","format-standard","has-post-thumbnail","hentry","category-cultura","tag-60","tag-dia-del-arbol-entrerriano","tag-el-espinillo"],"jetpack_publicize_connections":[],"jetpack_featured_media_url":"https:\/\/3260.com.ar\/web\/wp-content\/uploads\/2023\/07\/arbol-entrerriano.jpg","jetpack_sharing_enabled":true,"_links":{"self":[{"href":"https:\/\/3260.com.ar\/web\/wp-json\/wp\/v2\/posts\/5761","targetHints":{"allow":["GET"]}}],"collection":[{"href":"https:\/\/3260.com.ar\/web\/wp-json\/wp\/v2\/posts"}],"about":[{"href":"https:\/\/3260.com.ar\/web\/wp-json\/wp\/v2\/types\/post"}],"author":[{"embeddable":true,"href":"https:\/\/3260.com.ar\/web\/wp-json\/wp\/v2\/users\/2"}],"replies":[{"embeddable":true,"href":"https:\/\/3260.com.ar\/web\/wp-json\/wp\/v2\/comments?post=5761"}],"version-history":[{"count":0,"href":"https:\/\/3260.com.ar\/web\/wp-json\/wp\/v2\/posts\/5761\/revisions"}],"wp:featuredmedia":[{"embeddable":true,"href":"https:\/\/3260.com.ar\/web\/wp-json\/wp\/v2\/media\/5762"}],"wp:attachment":[{"href":"https:\/\/3260.com.ar\/web\/wp-json\/wp\/v2\/media?parent=5761"}],"wp:term":[{"taxonomy":"category","embeddable":true,"href":"https:\/\/3260.com.ar\/web\/wp-json\/wp\/v2\/categories?post=5761"},{"taxonomy":"post_tag","embeddable":true,"href":"https:\/\/3260.com.ar\/web\/wp-json\/wp\/v2\/tags?post=5761"}],"curies":[{"name":"wp","href":"https:\/\/api.w.org\/{rel}","templated":true}]}}