{"id":5899,"date":"2023-08-30T00:49:00","date_gmt":"2023-08-30T03:49:00","guid":{"rendered":"https:\/\/3260.com.ar\/web\/?p=5899"},"modified":"2023-08-30T00:49:32","modified_gmt":"2023-08-30T03:49:32","slug":"charlas-en-carpa-del-conocimiento","status":"publish","type":"post","link":"https:\/\/3260.com.ar\/web\/charlas-en-carpa-del-conocimiento\/","title":{"rendered":"Charlas en carpa del Conocimiento."},"content":{"rendered":"\n<p>Desde la organizaci\u00f3n de la EXPO CONCEPCI\u00d3N 2023, se dise\u00f1\u00f3 un espacio espec\u00edfico donde se socializar\u00e1 el conocimiento acad\u00e9mico.<\/p>\n\n\n\n<p>VIERNES 1 DE SEPTIEMBRE:<\/p>\n\n\n\n<p>14 horas: Indicadores de calidad de curso de agua &#8211; INTI &#8211; UADER<\/p>\n\n\n\n<p>15 horas: Huertas en especios peque\u00f1os &#8211; INTA<\/p>\n\n\n\n<p>16 horas: Conociendo las tecnolog\u00edas de gesti\u00f3n a trav\u00e9s del juego &#8211; INTI<\/p>\n\n\n\n<p>17 horas: Gesti\u00f3n de residuos &#8211; MUNICIPALIDAD DE CONCEPCI\u00d3N DEL URUGUAY &#8211; UNER &#8211; UADER &#8211; INTI<\/p>\n\n\n\n<p>18 horas: Conversatorio Humberto Tomasino \u00abEl rol de la extensi\u00f3n en los problemas ambientales: algunas herramientas metodol\u00f3gicas\u00bb &#8211; CENUR LITORAL NORTE &#8211; UNIVERSIDAD DE LA REP\u00daBLICA URUGUAY<\/p>\n\n\n\n<p>18:45 horas: Conversatorio Horacio Ademar Ferreyra \u00abEducaci\u00f3n, trabajo y empleo conexiones posibles en el ecosistema del aprendizaje\u00bb &#8211; MUNICIPALIDAD DE CONCEPCI\u00d3N DEL URUGUAY<\/p>\n\n\n\n<p>S\u00c1BADO 2 DE SEPTIEMBRE\u2022<\/p>\n\n\n\n<p>10 horas: La qu\u00edmica est\u00e1 de m\u00e1s. El rol de los bichos en los paisajes litorale\u00f1os &#8211; CENUR &#8211; UNIVERSIDAD DE LA REP\u00daBLICA URUGUAY<\/p>\n\n\n\n<p>11 horas: Diagn\u00f3stico Especial de los Espacios Verdes P\u00fablicos en la ciudad de Concepci\u00f3n del Uruguay &#8211; UNER<\/p>\n\n\n\n<p>14 horas: Taller \u00abAmbiente sensorial\u00bb &#8211; UADER<\/p>\n\n\n\n<p>15 horas: Sustentabilidad como modelo de gesti\u00f3n y los ODS como hoja de Ruta &#8211; UTN<\/p>\n\n\n\n<p>16 horas: Geograf\u00eda y tecnolog\u00edas espaciales para estudios ambientales en Concepci\u00f3n del Uruguay &#8211; UADER<\/p>\n\n\n\n<p>17 horas: Juguemos a reciclar &#8211; UCU<\/p>\n\n\n\n<p><\/p>\n","protected":false},"excerpt":{"rendered":"<p>Desde la organizaci\u00f3n de la EXPO CONCEPCI\u00d3N 2023, se dise\u00f1\u00f3 un espacio espec\u00edfico donde se socializar\u00e1 el conocimiento acad\u00e9mico. VIERNES 1 DE SEPTIEMBRE: 14 horas: Indicadores de calidad de curso de agua &#8211; INTI &#8211; UADER 15 horas: Huertas en especios peque\u00f1os &#8211; INTA 16 horas: Conociendo las tecnolog\u00edas de gesti\u00f3n a trav\u00e9s del juego [&hellip;]<\/p>\n","protected":false},"author":2,"featured_media":5900,"comment_status":"open","ping_status":"open","sticky":false,"template":"","format":"standard","meta":{"_jetpack_memberships_contains_paid_content":false,"footnotes":"","jetpack_publicize_message":"","jetpack_publicize_feature_enabled":true,"jetpack_social_post_already_shared":true,"jetpack_social_options":{"image_generator_settings":{"template":"highway","default_image_id":0,"enabled":false},"version":2}},"categories":[176],"tags":[60,1753],"class_list":["post-5899","post","type-post","status-publish","format-standard","has-post-thumbnail","hentry","category-educacion","tag-60","tag-expo-concepcion-2023"],"jetpack_publicize_connections":[],"jetpack_featured_media_url":"https:\/\/3260.com.ar\/web\/wp-content\/uploads\/2023\/08\/Expo-2023-charlas.jpg","jetpack_sharing_enabled":true,"_links":{"self":[{"href":"https:\/\/3260.com.ar\/web\/wp-json\/wp\/v2\/posts\/5899","targetHints":{"allow":["GET"]}}],"collection":[{"href":"https:\/\/3260.com.ar\/web\/wp-json\/wp\/v2\/posts"}],"about":[{"href":"https:\/\/3260.com.ar\/web\/wp-json\/wp\/v2\/types\/post"}],"author":[{"embeddable":true,"href":"https:\/\/3260.com.ar\/web\/wp-json\/wp\/v2\/users\/2"}],"replies":[{"embeddable":true,"href":"https:\/\/3260.com.ar\/web\/wp-json\/wp\/v2\/comments?post=5899"}],"version-history":[{"count":0,"href":"https:\/\/3260.com.ar\/web\/wp-json\/wp\/v2\/posts\/5899\/revisions"}],"wp:featuredmedia":[{"embeddable":true,"href":"https:\/\/3260.com.ar\/web\/wp-json\/wp\/v2\/media\/5900"}],"wp:attachment":[{"href":"https:\/\/3260.com.ar\/web\/wp-json\/wp\/v2\/media?parent=5899"}],"wp:term":[{"taxonomy":"category","embeddable":true,"href":"https:\/\/3260.com.ar\/web\/wp-json\/wp\/v2\/categories?post=5899"},{"taxonomy":"post_tag","embeddable":true,"href":"https:\/\/3260.com.ar\/web\/wp-json\/wp\/v2\/tags?post=5899"}],"curies":[{"name":"wp","href":"https:\/\/api.w.org\/{rel}","templated":true}]}}