{"id":5916,"date":"2023-09-03T21:41:45","date_gmt":"2023-09-04T00:41:45","guid":{"rendered":"https:\/\/3260.com.ar\/web\/?p=5916"},"modified":"2023-09-03T21:41:48","modified_gmt":"2023-09-04T00:41:48","slug":"escuelas-de-educacion-tecnica-construyen-dispositivos-para-la-inclusion","status":"publish","type":"post","link":"https:\/\/3260.com.ar\/web\/escuelas-de-educacion-tecnica-construyen-dispositivos-para-la-inclusion\/","title":{"rendered":"Escuelas de Educaci\u00f3n T\u00e9cnica construyen dispositivos para la inclusi\u00f3n."},"content":{"rendered":"\n<p>Docentes y estudiantes del \u00faltimo a\u00f1o de la Escuela de Educaci\u00f3n T\u00e9cnica N\u00ba 114 Justo Jos\u00e9 de Urquiza de General Ram\u00edrez, fabricaron dispositivos para personas con discapacidad que ser\u00e1n donados a diferentes instituciones de la provincia.<\/p>\n\n\n\n<p>La construcci\u00f3n de tres andadores ortop\u00e9dicos, se desarroll\u00f3 en el marco del Programa Construir Inclusi\u00f3n en la Educaci\u00f3n T\u00e9cnico Profesional (ETP), que tiene como objetivo promover la integraci\u00f3n en instituciones de la modalidad a partir de jornadas de cultura inclusiva y de la construcci\u00f3n de dispositivos asistidos para personas discapacitadas.<\/p>\n\n\n\n<p><strong>Talleres de inclusi\u00f3n<\/strong><\/p>\n\n\n\n<p>La instituci\u00f3n, adem\u00e1s, llev\u00f3 adelante el taller Inclusi\u00f3n educativa de estudiantes con discapacidad en la Educaci\u00f3n T\u00e9cnico Profesional (ETP) y sociedad inclusiva, para abordar pr\u00e1cticas discriminatorias, diversidad cultural, el rol de la escuela, los distintos paradigmas sobre discapacidad, entre otros temas.<\/p>\n\n\n\n<p><strong>Construir Inclusi\u00f3n en la ETP<\/strong><\/p>\n\n\n\n<p>Se desarrolla en diferentes lugares de la provincia desde 2018. En ese marco, se han construido sillas de ruedas, sillas posturales, andadores, aros magn\u00e9ticos, silla de rueda deportiva, muletas, entre otros.<\/p>\n\n\n\n<p class=\"has-text-align-right has-small-font-size\">Fuente:Prensa Consejo General de Educaci\u00f3n<\/p>\n","protected":false},"excerpt":{"rendered":"<p>Docentes y estudiantes del \u00faltimo a\u00f1o de la Escuela de Educaci\u00f3n T\u00e9cnica N\u00ba 114 Justo Jos\u00e9 de Urquiza de General Ram\u00edrez, fabricaron dispositivos para personas con discapacidad que ser\u00e1n donados a diferentes instituciones de la provincia. La construcci\u00f3n de tres andadores ortop\u00e9dicos, se desarroll\u00f3 en el marco del Programa Construir Inclusi\u00f3n en la Educaci\u00f3n T\u00e9cnico [&hellip;]<\/p>\n","protected":false},"author":2,"featured_media":5917,"comment_status":"open","ping_status":"open","sticky":false,"template":"","format":"standard","meta":{"_jetpack_memberships_contains_paid_content":false,"footnotes":"","jetpack_publicize_message":"","jetpack_publicize_feature_enabled":true,"jetpack_social_post_already_shared":true,"jetpack_social_options":{"image_generator_settings":{"template":"highway","default_image_id":0,"enabled":false},"version":2}},"categories":[176],"tags":[60,1789,1788],"class_list":["post-5916","post","type-post","status-publish","format-standard","has-post-thumbnail","hentry","category-educacion","tag-60","tag-andador-ortopedico","tag-escuelas-tecnicas"],"jetpack_publicize_connections":[],"jetpack_featured_media_url":"https:\/\/3260.com.ar\/web\/wp-content\/uploads\/2023\/09\/Escuela-tecnica-argentina-.jpg","jetpack_sharing_enabled":true,"_links":{"self":[{"href":"https:\/\/3260.com.ar\/web\/wp-json\/wp\/v2\/posts\/5916","targetHints":{"allow":["GET"]}}],"collection":[{"href":"https:\/\/3260.com.ar\/web\/wp-json\/wp\/v2\/posts"}],"about":[{"href":"https:\/\/3260.com.ar\/web\/wp-json\/wp\/v2\/types\/post"}],"author":[{"embeddable":true,"href":"https:\/\/3260.com.ar\/web\/wp-json\/wp\/v2\/users\/2"}],"replies":[{"embeddable":true,"href":"https:\/\/3260.com.ar\/web\/wp-json\/wp\/v2\/comments?post=5916"}],"version-history":[{"count":0,"href":"https:\/\/3260.com.ar\/web\/wp-json\/wp\/v2\/posts\/5916\/revisions"}],"wp:featuredmedia":[{"embeddable":true,"href":"https:\/\/3260.com.ar\/web\/wp-json\/wp\/v2\/media\/5917"}],"wp:attachment":[{"href":"https:\/\/3260.com.ar\/web\/wp-json\/wp\/v2\/media?parent=5916"}],"wp:term":[{"taxonomy":"category","embeddable":true,"href":"https:\/\/3260.com.ar\/web\/wp-json\/wp\/v2\/categories?post=5916"},{"taxonomy":"post_tag","embeddable":true,"href":"https:\/\/3260.com.ar\/web\/wp-json\/wp\/v2\/tags?post=5916"}],"curies":[{"name":"wp","href":"https:\/\/api.w.org\/{rel}","templated":true}]}}