{"id":5941,"date":"2023-09-10T21:05:09","date_gmt":"2023-09-11T00:05:09","guid":{"rendered":"https:\/\/3260.com.ar\/web\/?p=5941"},"modified":"2023-09-10T21:21:35","modified_gmt":"2023-09-11T00:21:35","slug":"traktor-fest-decima-edicion","status":"publish","type":"post","link":"https:\/\/3260.com.ar\/web\/traktor-fest-decima-edicion\/","title":{"rendered":"Traktor Fest. D\u00e9cima edici\u00f3n."},"content":{"rendered":"\n<p>ALDEA SPATZENKUTTER, se prepara para vivir la d\u00e9cima edici\u00f3n de esta fiesta que se viene consolidando a\u00f1o tras a\u00f1o.<\/p>\n\n\n\n<p>El motivo convocante es una herramienta de trabajo noble como es el TRACTOR. El respeto a las tradiciones de aquellos inmigrantes que ayudaron al crecimiento de la Naci\u00f3n Argentina, es el n\u00facleo de la propuesta que es ampl\u00edsima y por sobre todo es sostener viva la llama de la tradici\u00f3n alemana, con sus costumbres, alimentaci\u00f3n y todo tipo de acciones que forjaron la cultura del trabajo de sol a sol.<\/p>\n\n\n\n<p>Compartimos una nota period\u00edstica de los colegas del medio \u00abMirada Profunda\u00bb, que proponemos ver y escuchar en el siguiente v\u00ednculo <a href=\"https:\/\/www.facebook.com\/search\/top?q=aldea%20spatzenkutter\" title=\"\">https:\/\/www.facebook.com\/search\/top?q=aldea%20spatzenkutter<\/a><\/p>\n\n\n\n<p>Del mismo medio ofrecemos para entender la presencia de la cultura alemana, un di\u00e1logo dado en ocasi\u00f3n de la \u00faltima edici\u00f3n de Traktor Fest.   Siguiendo el link <a href=\"https:\/\/www.facebook.com\/miradaprofunda\/videos\/603614028110869\" title=\"\">https:\/\/www.facebook.com\/miradaprofunda\/videos\/603614028110869<\/a><\/p>\n\n\n\n<p><\/p>\n\n\n\n<p><\/p>\n","protected":false},"excerpt":{"rendered":"<p>ALDEA SPATZENKUTTER, se prepara para vivir la d\u00e9cima edici\u00f3n de esta fiesta que se viene consolidando a\u00f1o tras a\u00f1o. El motivo convocante es una herramienta de trabajo noble como es el TRACTOR. El respeto a las tradiciones de aquellos inmigrantes que ayudaron al crecimiento de la Naci\u00f3n Argentina, es el n\u00facleo de la propuesta que [&hellip;]<\/p>\n","protected":false},"author":2,"featured_media":5942,"comment_status":"open","ping_status":"open","sticky":false,"template":"","format":"standard","meta":{"_jetpack_memberships_contains_paid_content":false,"footnotes":"","jetpack_publicize_message":"","jetpack_publicize_feature_enabled":true,"jetpack_social_post_already_shared":true,"jetpack_social_options":{"image_generator_settings":{"template":"highway","default_image_id":0,"enabled":false},"version":2}},"categories":[175],"tags":[60,1819],"class_list":["post-5941","post","type-post","status-publish","format-standard","has-post-thumbnail","hentry","category-turismo","tag-60","tag-tractor-fest"],"jetpack_publicize_connections":[],"jetpack_featured_media_url":"https:\/\/3260.com.ar\/web\/wp-content\/uploads\/2023\/09\/Tractor-Fest.jpg","jetpack_sharing_enabled":true,"_links":{"self":[{"href":"https:\/\/3260.com.ar\/web\/wp-json\/wp\/v2\/posts\/5941","targetHints":{"allow":["GET"]}}],"collection":[{"href":"https:\/\/3260.com.ar\/web\/wp-json\/wp\/v2\/posts"}],"about":[{"href":"https:\/\/3260.com.ar\/web\/wp-json\/wp\/v2\/types\/post"}],"author":[{"embeddable":true,"href":"https:\/\/3260.com.ar\/web\/wp-json\/wp\/v2\/users\/2"}],"replies":[{"embeddable":true,"href":"https:\/\/3260.com.ar\/web\/wp-json\/wp\/v2\/comments?post=5941"}],"version-history":[{"count":0,"href":"https:\/\/3260.com.ar\/web\/wp-json\/wp\/v2\/posts\/5941\/revisions"}],"wp:featuredmedia":[{"embeddable":true,"href":"https:\/\/3260.com.ar\/web\/wp-json\/wp\/v2\/media\/5942"}],"wp:attachment":[{"href":"https:\/\/3260.com.ar\/web\/wp-json\/wp\/v2\/media?parent=5941"}],"wp:term":[{"taxonomy":"category","embeddable":true,"href":"https:\/\/3260.com.ar\/web\/wp-json\/wp\/v2\/categories?post=5941"},{"taxonomy":"post_tag","embeddable":true,"href":"https:\/\/3260.com.ar\/web\/wp-json\/wp\/v2\/tags?post=5941"}],"curies":[{"name":"wp","href":"https:\/\/api.w.org\/{rel}","templated":true}]}}