{"id":5947,"date":"2023-09-11T10:58:52","date_gmt":"2023-09-11T13:58:52","guid":{"rendered":"https:\/\/3260.com.ar\/web\/?p=5947"},"modified":"2023-09-11T11:02:11","modified_gmt":"2023-09-11T14:02:11","slug":"doctorado-en-educacion-con-mencion-en-didacticas-especificas","status":"publish","type":"post","link":"https:\/\/3260.com.ar\/web\/doctorado-en-educacion-con-mencion-en-didacticas-especificas\/","title":{"rendered":"DOCTORADO EN EDUCACI\u00d3N CON MENCI\u00d3N EN DID\u00c1CTICAS ESPEC\u00cdFICAS."},"content":{"rendered":"\n<p>La Universidad Aut\u00f3noma de Entre R\u00edos (UADER) se prepara para dictar su primer doctorado, el cual en mayo pasado obtuvo la aprobaci\u00f3n por parte de la CONEAU.<\/p>\n\n\n\n<p>Con el prop\u00f3sito general de interesar a docentes de la casa y de otras instituciones sobre esta nueva instancia de posgrado, se realizar\u00e1 una Charla Informativa el s\u00e1bado 16 de septiembre, a las 10:00. Ser\u00e1 en modalidad presencial, en Concepci\u00f3n del Uruguay, en la sede de Vicerrectorado, sita en 25 de mayo 385.<\/p>\n\n\n\n<p>En la oportunidad, el director del Doctorado, Dr. Gustavo Constantino, dar\u00e1 a conocer objetivos, alcances, plan de estudios, requisitos de admisi\u00f3n, proceso de selecci\u00f3n, modalidad de cursado y otros aspectos de la propuesta de formaci\u00f3n.<\/p>\n\n\n\n<p>Las personas interesadas en participar deben inscribirse completando el siguiente FORMULARIO<\/p>\n\n\n\n<p><a href=\"https:\/\/docs.google.com\/...\/1y3m-_jRQ-PmNUs9YcT...\/edit\">https:\/\/docs.google.com\/&#8230;\/1y3m-_jRQ-PmNUs9YcT&#8230;\/edit<\/a><\/p>\n\n\n\n<p>Cabe se\u00f1alar que la nueva carrera tiene por objetivo el formar doctores en Educaci\u00f3n con menci\u00f3n en Did\u00e1cticas Espec\u00edficas, en un nivel de excelencia y autonom\u00eda acad\u00e9mica en docencia, investigaci\u00f3n, aplicaci\u00f3n y extensi\u00f3n, desde un enfoque integral basado en fundamentos epistemol\u00f3gicos, te\u00f3rico-cient\u00edficos y metodol\u00f3gicos s\u00f3lidos y de vanguardia de las Ciencias de la Educaci\u00f3n y con especial \u00e9nfasis o foco en el \u00e1rea de las Did\u00e1cticas Espec\u00edficas en el Nivel Superior.<\/p>\n\n\n\n<p>El doctorado tiene sede administrativa en Rectorado y es una propuesta Interfacultades, de modalidad h\u00edbrida (m\u00ednimo de 3 a\u00f1os de duraci\u00f3n) y de car\u00e1cter continuo. En su curr\u00edcula se incluyen 10 materias obligatorias y actividades electivas.<\/p>\n\n\n\n<p>Junto al mencionado director, Dr. Constantino, completan el cuadro de autoridades acad\u00e9micas de este doctorado la Dra. Angelina Uz\u00edn Olleros como co-directora; y un comit\u00e9 acad\u00e9mico integrado por los doctores F\u00e9lix Temporetti y Pablo H\u00fampola; las doctoras Fabiana Piccoli y Mariana Brea; y la magister Rosario Badano.<\/p>\n\n\n\n<p>Por mas consultas dirigirse al siguiente mail: secretaria_doc.educacion@uader.edu.ar<\/p>\n","protected":false},"excerpt":{"rendered":"<p>La Universidad Aut\u00f3noma de Entre R\u00edos (UADER) se prepara para dictar su primer doctorado, el cual en mayo pasado obtuvo la aprobaci\u00f3n por parte de la CONEAU. Con el prop\u00f3sito general de interesar a docentes de la casa y de otras instituciones sobre esta nueva instancia de posgrado, se realizar\u00e1 una Charla Informativa el s\u00e1bado [&hellip;]<\/p>\n","protected":false},"author":2,"featured_media":5948,"comment_status":"open","ping_status":"open","sticky":false,"template":"","format":"standard","meta":{"_jetpack_memberships_contains_paid_content":false,"footnotes":"","jetpack_publicize_message":"","jetpack_publicize_feature_enabled":true,"jetpack_social_post_already_shared":true,"jetpack_social_options":{"image_generator_settings":{"template":"highway","default_image_id":0,"enabled":false},"version":2}},"categories":[176],"tags":[60,494],"class_list":["post-5947","post","type-post","status-publish","format-standard","has-post-thumbnail","hentry","category-educacion","tag-60","tag-uader"],"jetpack_publicize_connections":[],"jetpack_featured_media_url":"https:\/\/3260.com.ar\/web\/wp-content\/uploads\/2023\/09\/DoctoradoEducacion.jpg","jetpack_sharing_enabled":true,"_links":{"self":[{"href":"https:\/\/3260.com.ar\/web\/wp-json\/wp\/v2\/posts\/5947","targetHints":{"allow":["GET"]}}],"collection":[{"href":"https:\/\/3260.com.ar\/web\/wp-json\/wp\/v2\/posts"}],"about":[{"href":"https:\/\/3260.com.ar\/web\/wp-json\/wp\/v2\/types\/post"}],"author":[{"embeddable":true,"href":"https:\/\/3260.com.ar\/web\/wp-json\/wp\/v2\/users\/2"}],"replies":[{"embeddable":true,"href":"https:\/\/3260.com.ar\/web\/wp-json\/wp\/v2\/comments?post=5947"}],"version-history":[{"count":0,"href":"https:\/\/3260.com.ar\/web\/wp-json\/wp\/v2\/posts\/5947\/revisions"}],"wp:featuredmedia":[{"embeddable":true,"href":"https:\/\/3260.com.ar\/web\/wp-json\/wp\/v2\/media\/5948"}],"wp:attachment":[{"href":"https:\/\/3260.com.ar\/web\/wp-json\/wp\/v2\/media?parent=5947"}],"wp:term":[{"taxonomy":"category","embeddable":true,"href":"https:\/\/3260.com.ar\/web\/wp-json\/wp\/v2\/categories?post=5947"},{"taxonomy":"post_tag","embeddable":true,"href":"https:\/\/3260.com.ar\/web\/wp-json\/wp\/v2\/tags?post=5947"}],"curies":[{"name":"wp","href":"https:\/\/api.w.org\/{rel}","templated":true}]}}