{"id":5996,"date":"2023-10-05T00:00:00","date_gmt":"2023-10-05T03:00:00","guid":{"rendered":"https:\/\/3260.com.ar\/web\/?p=5996"},"modified":"2023-10-05T20:47:16","modified_gmt":"2023-10-05T23:47:16","slug":"feria-de-la-palabra","status":"publish","type":"post","link":"https:\/\/3260.com.ar\/web\/feria-de-la-palabra\/","title":{"rendered":"Feria de la PALABRA 2023 ."},"content":{"rendered":"\n<p>La Capital Hist\u00f3rica de Entre R\u00edos, sede de tanta cultura y educaci\u00f3n tendr\u00e1 una nueva edici\u00f3n de LA FERIA DE LA PABLABRA.<\/p>\n\n\n\n<p>Este pr\u00f3ximo 6,7 y 8 de octubre para celebrar la literatura, la poes\u00eda y la cultura en su m\u00e1xima expresi\u00f3n. Invitados especiales, charlas, m\u00fasica en vivo y m\u00e1s te esperan en este evento \u00fanico.<\/p>\n\n\n\n<p>VER PROGRAMACION COMPLETA<\/p>\n\n\n\n<p>Viernes 6<\/p>\n\n\n\n<p>10:00 Adri\u00e1n Yeste para alumnos\/as del (1er ciclo) \u2013 Carpa.<\/p>\n\n\n\n<p>10.00 Jonathan Fern\u00e1ndez: cuentos de terror \u2013 Colegio del Uruguay.<\/p>\n\n\n\n<p>11:00 Adri\u00e1n Yeste (2 ciclo) \u2013 Carpa.<\/p>\n\n\n\n<p>12:00 Espacio EDER- \u201cPinta tu Aldea\u201d con escritores\/as locales \u2013 Carpa.<\/p>\n\n\n\n<p>15:00 -Espacio EDUNER: \u00abEl Arte del Encuentro\u00bb Ronda de Mate y Literatura. Invitada: Sommelier Andrea Venturini &#8211; Plaza Constituci\u00f3n.<\/p>\n\n\n\n<p>16:00 Espacio de la editorial UCU \u2013 Carpa.<\/p>\n\n\n\n<p>17:00 El vuelo del regreso: Orlando Van Bredam \u2013 Carpa.<\/p>\n\n\n\n<p>18:00 El vuelo nuestro: convocatoria de escritores\/as locales &#8211; Carpa.<\/p>\n\n\n\n<p>18:15 Presentaci\u00f3n del libro: \u201cLa memoria sin l\u00edmites\u201d de Gustavo Labriola y Selva Tur\u00edn con \u201cAeternun\u201d. Presenta Mar\u00eda Luz Zamb\u00f3n&nbsp;&nbsp;y Viviana Sansoni -Lugar: Museo de la ciudad.<\/p>\n\n\n\n<p>19:00 Pe\u00f1a Literaria: conduce Ana Maria Gonzales. invitada Marianela Saavedra \u2013 Carpa.<\/p>\n\n\n\n<p>21:00: Apertura oficial: Discurso de Orlando Van Bredam. Auditorio Scelzi.<\/p>\n\n\n\n<p><strong>Rep y Saborido<\/strong>: Borges, Beatles y Terapia Nac&amp;Pop- Auditorio Scelzi.<\/p>\n\n\n\n<p>&nbsp;S\u00c1BADO 7<\/p>\n\n\n\n<p>10: 00 \u201cEntrerrianos y rojos\u201d Alfonsina Kohan sobre escritores comunistas de Entre R\u00edos &#8211; Carpa.<\/p>\n\n\n\n<p>11.00 El Vuelo Nuestro: convocatoria de escritores\/as locales y regionales&nbsp;&nbsp;&#8211; Carpa.<\/p>\n\n\n\n<p>12:00 Espacio Canal UNER: \u201cEl sonido de las hojas\u201d. Sebasti\u00e1n Gonz\u00e1lez \u2013 Carpa.<\/p>\n\n\n\n<p>15:00 Ronda de Lecturas de Mujeres Entrerrianas- Taller Hilando Palabras &#8211; Plaza Constituci\u00f3n.<\/p>\n\n\n\n<p>15:00 Jornada de promoci\u00f3n de la lectura: Bibliotecolog\u00eda UADER \u201cBibliodetectives\u201d. Para infancias y adolescencias &#8211; Pir\u00e1mide Plaza Ram\u00edrez.<\/p>\n\n\n\n<p>17:00 El vuelo del Regreso Gustavo Efron \u201cHay un silencio\u201d \u2013 Carpa.<\/p>\n\n\n\n<p>18:00 Mariano Quir\u00f3s: \u201cNuestra hermana de afuera\u201d-Presenta Orlando Van Bredam &#8211; Carpa.<\/p>\n\n\n\n<p>18.00&nbsp;&nbsp;<strong>Guillermo Pellegrino<\/strong>&nbsp;(Montevideo) presenta el libro \u201cA orillas del silencio\u201d sobre Osiris Rodr\u00edguez Castillo &#8211; Auditorio Ilia.<\/p>\n\n\n\n<p>19:00 \u201cLa Encordada\u201d Cantores Criollos Entrerrianos &#8211; Auditorio Ilia<\/p>\n\n\n\n<p>19:00 Pe\u00f1a Literaria, invitado Mariano Quiros \u2013 Carpa.<\/p>\n\n\n\n<p>20:30 Martin Kohan: \u00abMemoria y narrativa. Los universos literarios de Mart\u00edn Kohan\u00bb. \u2013 Auditorio Scelzi.<\/p>\n\n\n\n<p>22:00 \u201cEl amor es un rayo\u201d: M\u00fasica, Humor y Literatura \u2013Juli\u00e1n Stopello y Silvio Godoy &#8211; Carpa.<\/p>\n\n\n\n<p>Domingo 8<\/p>\n\n\n\n<p>10:30 Taller Creativo con Hilando Palabras \u2013 Carpa.<\/p>\n\n\n\n<p>15:00 Copa de la Palabra Freestyle \u2013 Escenario Callejero.<\/p>\n\n\n\n<p>16:00 Espacio AGMER: \u201cEl r\u00edo, l\u00edmite o vuelo\u201d \u2013 C\u00e9sar Pibernus y Movimiento De Costa a costa &#8211; Carpa<\/p>\n\n\n\n<p>17:00 El Vuelo del Regreso: Marianela Saavedra presenta \u201cMaldita eres\u201d \u2013 Carpa.<\/p>\n\n\n\n<p>17:00 Mateada con Pompeyo Audivert: destinado a estudiantes de teatro y actores\/actrices. Auditorio Scelzi.<\/p>\n\n\n\n<p>18:00 El Vuelo Nuestro. Convocatoria a escritores\/as locales y regionales&nbsp;&nbsp;&#8211; Carpa.<\/p>\n\n\n\n<p>19:00 Aniversario 240\u00b0 CdelU : Ensamble \u201cLa Hist\u00f3rica\u201d dirigido por Nardo Gonz\u00e1lez + Voces Uruguayenses. Invitada Especial: Yamila Cafrune \u2013 Escenario Callejero.<\/p>\n\n\n\n<p>21:00 cierre: \u201cHabitaci\u00f3n Macbeth\u201d adaptada, actuada y dirigida por Pompeyo Audivert \u2013 Auditorio Scelzi.<\/p>\n\n\n\n<p><\/p>\n","protected":false},"excerpt":{"rendered":"<p>La Capital Hist\u00f3rica de Entre R\u00edos, sede de tanta cultura y educaci\u00f3n tendr\u00e1 una nueva edici\u00f3n de LA FERIA DE LA PABLABRA. Este pr\u00f3ximo 6,7 y 8 de octubre para celebrar la literatura, la poes\u00eda y la cultura en su m\u00e1xima expresi\u00f3n. Invitados especiales, charlas, m\u00fasica en vivo y m\u00e1s te esperan en este evento [&hellip;]<\/p>\n","protected":false},"author":2,"featured_media":6062,"comment_status":"open","ping_status":"open","sticky":false,"template":"","format":"standard","meta":{"_jetpack_memberships_contains_paid_content":false,"footnotes":"","jetpack_publicize_message":"","jetpack_publicize_feature_enabled":true,"jetpack_social_post_already_shared":true,"jetpack_social_options":{"image_generator_settings":{"template":"highway","default_image_id":0,"enabled":false},"version":2}},"categories":[174],"tags":[60,1834,1372],"class_list":["post-5996","post","type-post","status-publish","format-standard","has-post-thumbnail","hentry","category-cultura","tag-60","tag-direccion-de-cultura","tag-feria-de-la-palabra"],"jetpack_publicize_connections":[],"jetpack_featured_media_url":"https:\/\/3260.com.ar\/web\/wp-content\/uploads\/2023\/09\/Feria-de-palabra-22023.jpg","jetpack_sharing_enabled":true,"_links":{"self":[{"href":"https:\/\/3260.com.ar\/web\/wp-json\/wp\/v2\/posts\/5996","targetHints":{"allow":["GET"]}}],"collection":[{"href":"https:\/\/3260.com.ar\/web\/wp-json\/wp\/v2\/posts"}],"about":[{"href":"https:\/\/3260.com.ar\/web\/wp-json\/wp\/v2\/types\/post"}],"author":[{"embeddable":true,"href":"https:\/\/3260.com.ar\/web\/wp-json\/wp\/v2\/users\/2"}],"replies":[{"embeddable":true,"href":"https:\/\/3260.com.ar\/web\/wp-json\/wp\/v2\/comments?post=5996"}],"version-history":[{"count":0,"href":"https:\/\/3260.com.ar\/web\/wp-json\/wp\/v2\/posts\/5996\/revisions"}],"wp:featuredmedia":[{"embeddable":true,"href":"https:\/\/3260.com.ar\/web\/wp-json\/wp\/v2\/media\/6062"}],"wp:attachment":[{"href":"https:\/\/3260.com.ar\/web\/wp-json\/wp\/v2\/media?parent=5996"}],"wp:term":[{"taxonomy":"category","embeddable":true,"href":"https:\/\/3260.com.ar\/web\/wp-json\/wp\/v2\/categories?post=5996"},{"taxonomy":"post_tag","embeddable":true,"href":"https:\/\/3260.com.ar\/web\/wp-json\/wp\/v2\/tags?post=5996"}],"curies":[{"name":"wp","href":"https:\/\/api.w.org\/{rel}","templated":true}]}}