{"id":5999,"date":"2023-09-22T00:00:00","date_gmt":"2023-09-22T03:00:00","guid":{"rendered":"https:\/\/3260.com.ar\/web\/?p=5999"},"modified":"2023-09-20T11:08:47","modified_gmt":"2023-09-20T14:08:47","slug":"cooperativa-con-la-comunidad-afrodescendiente-de-ingeniero-sajaroff","status":"publish","type":"post","link":"https:\/\/3260.com.ar\/web\/cooperativa-con-la-comunidad-afrodescendiente-de-ingeniero-sajaroff\/","title":{"rendered":"Cooperativa con la comunidad afrodescendiente de Ingeniero Sajaroff."},"content":{"rendered":"\n<p>Desde el Museo Provincial Antonio Serrano se trabaja en conjunto con el arque\u00f3logo Alejandro Richard, la Agrupaci\u00f3n Entre Afros, la Junta de Gobierno y la comunidad local de Ing. Sajaroff, para acompa\u00f1ar y brindar herramientas de gesti\u00f3n patrimonial a distintas familias afrodescendientes.<\/p>\n\n\n\n<p>El proyecto cuenta con el apoyo del programa Gestionar Futuro, de la Secretar\u00eda de Gesti\u00f3n Cultural del Ministerio de Cultura de la Naci\u00f3n, apuntalando de esta forma las investigaciones y gestiones que vienen realiz\u00e1ndose desde el a\u00f1o 2016 junto a la comunidad local de Ingeniero Sajaroff, con aportes del Gobierno de la provincia de Entre R\u00edos.<\/p>\n\n\n\n<p>El proyecto contempla la realizaci\u00f3n de una serie de actividades que se desarrollar\u00e1 durante los meses de septiembre, octubre y noviembre, orientadas a trabajar sobre distintas particularidades de la gesti\u00f3n patrimonial y la organizaci\u00f3n cooperativa, proyectando la conformaci\u00f3n de un grupo de trabajo cooperativo abocado a la gesti\u00f3n del patrimonio<\/p>\n\n\n\n<p>cultural afroentrerriano de la localidad. De este modo, se apunta a pensar estrategias conjuntas para acompa\u00f1ar la creciente orientaci\u00f3n local hacia el turismo, garantizando a su vez la transferencia y el enriquecimiento generacional del patrimonio.<\/p>\n","protected":false},"excerpt":{"rendered":"<p>Desde el Museo Provincial Antonio Serrano se trabaja en conjunto con el arque\u00f3logo Alejandro Richard, la Agrupaci\u00f3n Entre Afros, la Junta de Gobierno y la comunidad local de Ing. Sajaroff, para acompa\u00f1ar y brindar herramientas de gesti\u00f3n patrimonial a distintas familias afrodescendientes. El proyecto cuenta con el apoyo del programa Gestionar Futuro, de la Secretar\u00eda [&hellip;]<\/p>\n","protected":false},"author":2,"featured_media":6000,"comment_status":"open","ping_status":"open","sticky":false,"template":"","format":"standard","meta":{"_jetpack_memberships_contains_paid_content":false,"footnotes":"","jetpack_publicize_message":"","jetpack_publicize_feature_enabled":true,"jetpack_social_post_already_shared":true,"jetpack_social_options":{"image_generator_settings":{"template":"highway","default_image_id":0,"enabled":false},"version":2}},"categories":[174],"tags":[60,1835],"class_list":["post-5999","post","type-post","status-publish","format-standard","has-post-thumbnail","hentry","category-cultura","tag-60","tag-afrodescendientes"],"jetpack_publicize_connections":[],"jetpack_featured_media_url":"https:\/\/3260.com.ar\/web\/wp-content\/uploads\/2023\/09\/Afrodescendientes.jpeg","jetpack_sharing_enabled":true,"_links":{"self":[{"href":"https:\/\/3260.com.ar\/web\/wp-json\/wp\/v2\/posts\/5999","targetHints":{"allow":["GET"]}}],"collection":[{"href":"https:\/\/3260.com.ar\/web\/wp-json\/wp\/v2\/posts"}],"about":[{"href":"https:\/\/3260.com.ar\/web\/wp-json\/wp\/v2\/types\/post"}],"author":[{"embeddable":true,"href":"https:\/\/3260.com.ar\/web\/wp-json\/wp\/v2\/users\/2"}],"replies":[{"embeddable":true,"href":"https:\/\/3260.com.ar\/web\/wp-json\/wp\/v2\/comments?post=5999"}],"version-history":[{"count":0,"href":"https:\/\/3260.com.ar\/web\/wp-json\/wp\/v2\/posts\/5999\/revisions"}],"wp:featuredmedia":[{"embeddable":true,"href":"https:\/\/3260.com.ar\/web\/wp-json\/wp\/v2\/media\/6000"}],"wp:attachment":[{"href":"https:\/\/3260.com.ar\/web\/wp-json\/wp\/v2\/media?parent=5999"}],"wp:term":[{"taxonomy":"category","embeddable":true,"href":"https:\/\/3260.com.ar\/web\/wp-json\/wp\/v2\/categories?post=5999"},{"taxonomy":"post_tag","embeddable":true,"href":"https:\/\/3260.com.ar\/web\/wp-json\/wp\/v2\/tags?post=5999"}],"curies":[{"name":"wp","href":"https:\/\/api.w.org\/{rel}","templated":true}]}}