{"id":6002,"date":"2023-09-21T11:25:28","date_gmt":"2023-09-21T14:25:28","guid":{"rendered":"https:\/\/3260.com.ar\/web\/?p=6002"},"modified":"2023-09-21T11:25:30","modified_gmt":"2023-09-21T14:25:30","slug":"celebracion-del-dia-del-estudiante","status":"publish","type":"post","link":"https:\/\/3260.com.ar\/web\/celebracion-del-dia-del-estudiante\/","title":{"rendered":"Celebraci\u00f3n del \u201cd\u00eda del estudiante\u201d."},"content":{"rendered":"\n<p>En la jornada del 20 de septiembre las instituciones escolares junto a las comunidades educativas celebraron \u201cel d\u00eda del estudiante\u201d.<\/p>\n\n\n\n<p>De modo particular se puede sostener que adquiere especial relevancia, por haber sido posible la celebraci\u00f3n post pandemia que tantas consecuencias no deseadas trajo a la sociedad. El encuentro para festejar esta fecha, viene en parte a permitir interactuar y socializar entre todos los actores de la vida escolar.<\/p>\n\n\n\n<p>En la postal vemos el grupo de 32 alumnos de Sexto grado de la Escuela Parroquial N\u00ba 240 \u201cJuan Pablo II\u201d ubicada en la conjunci\u00f3n de barrios lindantes en la zona sur de la ciudad, como 150 viviendas, 80 viviendas, 110 viviendas, 192 viviendas. Un barrio en continua expansi\u00f3n y crecimiento vegetativo.<\/p>\n\n\n\n<p>Durante la celebraci\u00f3n a la que pudimos acceder vimos la cl\u00e1sica \u201cpresentaci\u00f3n de remeras de los futuros egresados\u201d, as\u00ed como la diversi\u00f3n con juegos y actividades preparadas por docentes para el resto de los alumnos de Nivel Inicial y Primaria.<\/p>\n\n\n\n<p>Excelente participaci\u00f3n de la comunidad educativa que acompa\u00f1\u00f3 la celebraci\u00f3n de los ni\u00f1os en su d\u00eda.<\/p>\n","protected":false},"excerpt":{"rendered":"<p>En la jornada del 20 de septiembre las instituciones escolares junto a las comunidades educativas celebraron \u201cel d\u00eda del estudiante\u201d. De modo particular se puede sostener que adquiere especial relevancia, por haber sido posible la celebraci\u00f3n post pandemia que tantas consecuencias no deseadas trajo a la sociedad. El encuentro para festejar esta fecha, viene en [&hellip;]<\/p>\n","protected":false},"author":2,"featured_media":6003,"comment_status":"open","ping_status":"open","sticky":false,"template":"","format":"standard","meta":{"_jetpack_memberships_contains_paid_content":false,"footnotes":"","jetpack_publicize_message":"","jetpack_publicize_feature_enabled":true,"jetpack_social_post_already_shared":true,"jetpack_social_options":{"image_generator_settings":{"template":"highway","default_image_id":0,"enabled":false},"version":2}},"categories":[176],"tags":[60,1836,1837],"class_list":["post-6002","post","type-post","status-publish","format-standard","has-post-thumbnail","hentry","category-educacion","tag-60","tag-dia-del-estudiante","tag-escuela-240-juan-pablo-ii"],"jetpack_publicize_connections":[],"jetpack_featured_media_url":"https:\/\/3260.com.ar\/web\/wp-content\/uploads\/2023\/09\/Estudiantes.jpeg","jetpack_sharing_enabled":true,"_links":{"self":[{"href":"https:\/\/3260.com.ar\/web\/wp-json\/wp\/v2\/posts\/6002","targetHints":{"allow":["GET"]}}],"collection":[{"href":"https:\/\/3260.com.ar\/web\/wp-json\/wp\/v2\/posts"}],"about":[{"href":"https:\/\/3260.com.ar\/web\/wp-json\/wp\/v2\/types\/post"}],"author":[{"embeddable":true,"href":"https:\/\/3260.com.ar\/web\/wp-json\/wp\/v2\/users\/2"}],"replies":[{"embeddable":true,"href":"https:\/\/3260.com.ar\/web\/wp-json\/wp\/v2\/comments?post=6002"}],"version-history":[{"count":0,"href":"https:\/\/3260.com.ar\/web\/wp-json\/wp\/v2\/posts\/6002\/revisions"}],"wp:featuredmedia":[{"embeddable":true,"href":"https:\/\/3260.com.ar\/web\/wp-json\/wp\/v2\/media\/6003"}],"wp:attachment":[{"href":"https:\/\/3260.com.ar\/web\/wp-json\/wp\/v2\/media?parent=6002"}],"wp:term":[{"taxonomy":"category","embeddable":true,"href":"https:\/\/3260.com.ar\/web\/wp-json\/wp\/v2\/categories?post=6002"},{"taxonomy":"post_tag","embeddable":true,"href":"https:\/\/3260.com.ar\/web\/wp-json\/wp\/v2\/tags?post=6002"}],"curies":[{"name":"wp","href":"https:\/\/api.w.org\/{rel}","templated":true}]}}